{"id":10543,"date":"2024-05-31T09:15:35","date_gmt":"2024-05-31T09:15:35","guid":{"rendered":"https:\/\/sportano.pl\/blog\/?p=10543"},"modified":"2025-03-10T10:38:11","modified_gmt":"2025-03-10T10:38:11","slug":"jaki-plecak-turystyczny-dla-dzieci-wybrac-10-polecanych-plecakow-dzieciecych-w-gory","status":"publish","type":"post","link":"https:\/\/sportano.pl\/blog\/jaki-plecak-turystyczny-dla-dzieci-wybrac-10-polecanych-plecakow-dzieciecych-w-gory\/","title":{"rendered":"Jaki plecak turystyczny dla dzieci wybra\u0107? 10 polecanych plecak\u00f3w dzieci\u0119cych w g\u00f3ry"},"content":{"rendered":"\n<p><strong>Niezale\u017cnie od tego, czy wybierasz si\u0119 z dzieckiem na rodzinny wypad w g\u00f3ry, czy wysy\u0142asz je na wycieczk\u0119 szkoln\u0105, to chcesz zapewni\u0107 mu najlepszy ekwipunek. Jednym z jego kluczowych element\u00f3w jest plecak turystyczny dla dzieci. Przy tak wielu modelach na rynku wyb\u00f3r mo\u017ce by\u0107 trudny, dlatego przygotowali\u015bmy 10 polecanych plecak\u00f3w w g\u00f3ry dla dzieci z oferty sklepu sportowego Sportano.pl. ! Dzieci\u0119ce plecaki turystyczne od topowych marek to wysokiej jako\u015bci, funkcjonalne konstrukcje oferuj\u0105ce wygod\u0119, wsparcie oraz przestrze\u0144 do przenoszenia niezb\u0119dnych rzeczy.<\/strong><\/p>\n\n\n\n<h2 class=\"wp-block-heading\"><strong>Plecak turystyczny dla dzieci 10 l deuter Waldfuchs<\/strong><\/h2>\n\n\n\n<p>Plecak turystyczny dla dzieci 10 l<a href=\"https:\/\/sportano.pl\/p\/38187\/plecak-turystyczny-dzieciecy-deuter-waldfuchs-10-l-lava-paprika\"> <\/a><a href=\"https:\/\/sportano.pl\/p\/38187\/plecak-turystyczny-dzieciecy-deuter-waldfuchs-10-l-lava-paprika\" target=\"_blank\" rel=\"noreferrer noopener\">deuter Waldfuchs<\/a> to wszechstronny model na weekendowe wycieczki lub do szko\u0142y. Zastosowano w nim system no\u015bny deuter Contact, oferuj\u0105cy wygod\u0119 oraz optymalne roz\u0142o\u017cenie wagi. Dzieje si\u0119 tak, dzi\u0119ki profilowanym pasom ramiennym, co u\u0142atwi dziecku codzienn\u0105 aktywno\u015b\u0107. Dodatkowo to rozwi\u0105zanie opiera si\u0119 na szybkoschn\u0105cym materiale oraz panelach wentylacyjnych, wi\u0119c przegrzewanie zostanie ograniczone.<\/p>\n\n\n\n<figure class=\"wp-block-image size-full\"><img loading=\"lazy\" decoding=\"async\" width=\"816\" height=\"426\" src=\"https:\/\/sportano.pl\/blog\/wp-content\/uploads\/2024\/05\/plecak-turystyczny-dzieciecy-deuter-Waldfuchs-10l.jpg\" alt=\"Plecak turystyczny dla dzieci 10 l deuter Waldfuchs z lisem\" class=\"wp-image-10550\" srcset=\"https:\/\/sportano.pl\/blog\/wp-content\/uploads\/2024\/05\/plecak-turystyczny-dzieciecy-deuter-Waldfuchs-10l.jpg 816w, https:\/\/sportano.pl\/blog\/wp-content\/uploads\/2024\/05\/plecak-turystyczny-dzieciecy-deuter-Waldfuchs-10l-300x157.jpg 300w, https:\/\/sportano.pl\/blog\/wp-content\/uploads\/2024\/05\/plecak-turystyczny-dzieciecy-deuter-Waldfuchs-10l-768x401.jpg 768w, https:\/\/sportano.pl\/blog\/wp-content\/uploads\/2024\/05\/plecak-turystyczny-dzieciecy-deuter-Waldfuchs-10l-100x52.jpg 100w\" sizes=\"auto, (max-width: 816px) 100vw, 816px\" \/><\/figure>\n\n\n\n<p>&nbsp;Ten model ma certyfikat bluesign\u00ae i nie zawiera szkodliwych zwi\u0105zk\u00f3w PFC. Dodatkowo wykonano go z materia\u0142\u00f3w pochodz\u0105cych z recyklingu, co nadaje mu ekologicznego charakteru. Plecak turystyczny dla dzieci 10l deuter Waldfuchs ma jedn\u0105 komor\u0105 zabezpieczon\u0105 klap\u0105 zapinan\u0105 klamrami. W jej wn\u0119trzu umieszczono kiesze\u0144 na odzie\u017c, a na klapie &#8211; kieszonk\u0119 z zamkiem. Dodatkowo na froncie znajduje si\u0119 kiesze\u0144 z rzepem, a po bokach dwie dodatkowe &#8211; na butelki z wod\u0105. Na plecaku umieszczone s\u0105 elementy odblaskowe, zwi\u0119kszaj\u0105ce widoczno\u015b\u0107 dziecka po zmroku.<\/p>\n\n\n\n<h2 class=\"wp-block-heading\"><a><\/a><strong>Plecak turystyczny dla dzieci<\/strong><strong> Gregory Wander 12 l<\/strong><\/h2>\n\n\n\n<p>Plecak turystyczny dla dzieci<a href=\"https:\/\/sportano.pl\/p\/353450\/plecak-turystyczny-dzieciecy-gregory-wander-12-l-aqua-yellow\"> <\/a><a href=\"https:\/\/sportano.pl\/p\/353450\/plecak-turystyczny-dzieciecy-gregory-wander-12-l-aqua-yellow\" target=\"_blank\" rel=\"noreferrer noopener\">Gregory Wander 12 l<\/a> wyposa\u017cony zosta\u0142 w piank\u0119 3D z perforacj\u0105 na odcinku plec\u00f3w, dzi\u0119ki czemu m\u0142ody podr\u00f3\u017cnik zyskuje odpowiedni\u0105 wentylacj\u0119. Jednocze\u015bnie takie rozwi\u0105zanie odpowiada za r\u00f3wnomierne roz\u0142o\u017cenie wagi pakunku oraz zwi\u0119ksza wygod\u0119 noszenia. Zapewniaj\u0105 j\u0105 r\u00f3wnie\u017c profilowane pasy ramienne, wy\u015bcie\u0142ane szybkoschn\u0105cym materia\u0142em. Ten model pokryto hydrofobowym impregnatem DWR, dlatego nie namaka on tak szybko, kiedy pada deszcz.<\/p>\n\n\n\n<figure class=\"wp-block-image size-full\"><img loading=\"lazy\" decoding=\"async\" width=\"816\" height=\"426\" src=\"https:\/\/sportano.pl\/blog\/wp-content\/uploads\/2024\/05\/plecak-turystyczny-dzieciecy-Gregory-Wander-12l.jpg\" alt=\"Plecak turystyczny dla dzieci Gregory Wander 12 l\" class=\"wp-image-10551\" srcset=\"https:\/\/sportano.pl\/blog\/wp-content\/uploads\/2024\/05\/plecak-turystyczny-dzieciecy-Gregory-Wander-12l.jpg 816w, https:\/\/sportano.pl\/blog\/wp-content\/uploads\/2024\/05\/plecak-turystyczny-dzieciecy-Gregory-Wander-12l-300x157.jpg 300w, https:\/\/sportano.pl\/blog\/wp-content\/uploads\/2024\/05\/plecak-turystyczny-dzieciecy-Gregory-Wander-12l-768x401.jpg 768w, https:\/\/sportano.pl\/blog\/wp-content\/uploads\/2024\/05\/plecak-turystyczny-dzieciecy-Gregory-Wander-12l-100x52.jpg 100w\" sizes=\"auto, (max-width: 816px) 100vw, 816px\" \/><\/figure>\n\n\n\n<p>W plecaku znajduje si\u0119 pas piersiowy, kt\u00f3ry jest regulowany w pionie i poziomie, oraz zapinany klamr\u0105 z gwizdkiem. To przek\u0142ada si\u0119 nie tylko na lepsz\u0105 stabilno\u015b\u0107, ale te\u017c bezpiecze\u0144stwo w sytuacjach awaryjnych. Do g\u0142\u00f3wnej komory dost\u0119p zapewnia zamek b\u0142yskawiczny. Plecak turystyczny dla dzieci Gregory Wander 12 l na froncie ma jedn\u0105 kiesze\u0144, i dwie po bokach, kt\u00f3re zmieszcz\u0105 napoje. Nie zabrak\u0142o specjalnego miejsca, w kt\u00f3rym mo\u017cna umie\u015bci\u0107 imi\u0119 i nazwisko dziecka oraz element\u00f3w odblaskowych.<\/p>\n\n\n\n<h2 class=\"wp-block-heading\"><a><\/a><strong>Plecak turystyczny dla dzieci 20l<\/strong><strong> Jack Wolfskin Waldspieler<\/strong><\/h2>\n\n\n\n<p>Plecak turystyczny dla dzieci 20l<a href=\"https:\/\/sportano.pl\/p\/334914\/plecak-turystyczny-dzieciecy-jack-wolfskin-waldspieler-20-l-water-lily\"> <\/a><a href=\"https:\/\/sportano.pl\/p\/334914\/plecak-turystyczny-dzieciecy-jack-wolfskin-waldspieler-20-l-water-lily\" target=\"_blank\" rel=\"noreferrer noopener\">Jack Wolfskin Waldspieler<\/a> to wytrzyma\u0142a konstrukcja, odpowiednia zar\u00f3wno na wypady w g\u00f3ry, jak i szkolne wycieczki, czy wyjazdy o charakterze rekreacyjnym. Zastosowano tu rozwi\u0105zania znane z plecak\u00f3w dla doros\u0142ych, zapewniaj\u0105c m\u0142odemu tury\u015bcie odpowiednie wsparcie. Lekki system no\u015bny dopasowuje si\u0119 do u\u017cytkownika, oferuj\u0105c wygod\u0119 i r\u00f3wnomierne roz\u0142o\u017cenie masy. Na plecaku znajduje si\u0119 oddychaj\u0105ca siateczka oraz profile wentyluj\u0105ce. To rozwi\u0105zania idealnie sprawdzaj\u0105ce si\u0119 w cieplejsze dni.<\/p>\n\n\n\n<figure class=\"wp-block-image size-full\"><img loading=\"lazy\" decoding=\"async\" width=\"816\" height=\"426\" src=\"https:\/\/sportano.pl\/blog\/wp-content\/uploads\/2024\/05\/plecak-turystyczny-dzieciecy-Jack-Wolfskin-Waldspieler-20l.jpg\" alt=\"Plecak turystyczny dla dzieci 20l Jack Wolfskin Waldspieler\" class=\"wp-image-10552\" srcset=\"https:\/\/sportano.pl\/blog\/wp-content\/uploads\/2024\/05\/plecak-turystyczny-dzieciecy-Jack-Wolfskin-Waldspieler-20l.jpg 816w, https:\/\/sportano.pl\/blog\/wp-content\/uploads\/2024\/05\/plecak-turystyczny-dzieciecy-Jack-Wolfskin-Waldspieler-20l-300x157.jpg 300w, https:\/\/sportano.pl\/blog\/wp-content\/uploads\/2024\/05\/plecak-turystyczny-dzieciecy-Jack-Wolfskin-Waldspieler-20l-768x401.jpg 768w, https:\/\/sportano.pl\/blog\/wp-content\/uploads\/2024\/05\/plecak-turystyczny-dzieciecy-Jack-Wolfskin-Waldspieler-20l-100x52.jpg 100w\" sizes=\"auto, (max-width: 816px) 100vw, 816px\" \/><\/figure>\n\n\n\n<p>Dzi\u0119ki szlufkom i p\u0119telkom mocuj\u0105cym dziecko przytroczy do plecaka kijki trekkingowe. Do g\u00f3rnej komory dost\u0119p zapewnia klapa z klamrami. Plecak turystyczny dla dzieci 20l Jack Wolfskin Waldspieler wewn\u0105trz ma kieszonk\u0119 z zamkiem oraz wyjmowan\u0105 mat\u0119 do siedzenia. Z przodu znajduje si\u0119 otwarta kiesze\u0144, a po bokach dwie elastyczne. Ten model posiada certyfikat bluesign\u00ae i nie zawiera PFC, co czyni go bezpiecznym oraz ekologicznym. Posiada tak\u017ce odpinany pas biodrowy oraz regulowany pas piersiowy.<\/p>\n\n\n<p><\/p>\n\n\n<h2 class=\"wp-block-heading\"><strong>Plecak dzieci\u0119cy turystyczny Tatonka Wokin 15 l<\/strong><\/h2>\n\n\n\n<p><a href=\"https:\/\/sportano.pl\/p\/344859\/plecak-trekkingowy-dzieciecy-tatonka-wokin-15-l-apricot\" target=\"_blank\" rel=\"noreferrer noopener\">Tatonka Wokin 15 l<\/a> wyposa\u017cono w system no\u015bny Vent Comfort Carrying System, kt\u00f3ry odpowiada za wentylacj\u0119 plec\u00f3w. W po\u0142\u0105czeniu z szybkoschn\u0105cym materia\u0142em zwi\u0119kszy to komfort letnich w\u0119dr\u00f3wek. Ten system zapewnia tak\u017ce wygod\u0119 i r\u00f3wnomiernie rozk\u0142ada wag\u0119 ca\u0142ego pakunku. Dla wi\u0119kszej stabilno\u015bci w plecaku znajduj\u0105 si\u0119: pas biodrowy oraz piersiowy regulowany w pionie i poziomie.<\/p>\n\n\n\n<figure class=\"wp-block-image size-full\"><img loading=\"lazy\" decoding=\"async\" width=\"816\" height=\"426\" src=\"https:\/\/sportano.pl\/blog\/wp-content\/uploads\/2024\/05\/plecak-turystyczny-dzieciecy-tatonka-wokin-15l.jpg\" alt=\"Plecak turystyczny dla dziecka Tatonka Wokin 15 l\" class=\"wp-image-10553\" srcset=\"https:\/\/sportano.pl\/blog\/wp-content\/uploads\/2024\/05\/plecak-turystyczny-dzieciecy-tatonka-wokin-15l.jpg 816w, https:\/\/sportano.pl\/blog\/wp-content\/uploads\/2024\/05\/plecak-turystyczny-dzieciecy-tatonka-wokin-15l-300x157.jpg 300w, https:\/\/sportano.pl\/blog\/wp-content\/uploads\/2024\/05\/plecak-turystyczny-dzieciecy-tatonka-wokin-15l-768x401.jpg 768w, https:\/\/sportano.pl\/blog\/wp-content\/uploads\/2024\/05\/plecak-turystyczny-dzieciecy-tatonka-wokin-15l-100x52.jpg 100w\" sizes=\"auto, (max-width: 816px) 100vw, 816px\" \/><\/figure>\n\n\n\n<p>Do g\u0142\u00f3wnej komory plecaka Tatonka dosta\u0107 si\u0119 mo\u017cna, odpinaj\u0105c g\u00f3rn\u0105 klap\u0119 zabezpieczon\u0105 klamrami. Na niej znajduje si\u0119 r\u00f3wnie\u017c mniejsza kieszonka z zamkiem b\u0142yskawicznym. Plecak dla ch\u0142opca Tatonka Wokin 15 l ma te\u017c p\u0142ask\u0105 kiesze\u0144 chronion\u0105 zamkiem. Kolejna &#8211; o otwartej konstrukcji &#8211; znajduje si\u0119 na boku. W niej bez problemu zmie\u015bci si\u0119 butelka z napojem. W \u015brodku umieszczono sk\u0142adan\u0105 mat\u0119 do siedzenia, a na froncie ta\u015bm\u0119 z przelotkami do troczenia ekwipunku.<\/p>\n\n\n\n<h2 class=\"wp-block-heading\"><a><\/a><strong>Plecak na wycieczki szkolne<\/strong><strong> Osprey Daylite Jr Pack 10 l<\/strong><\/h2>\n\n\n\n<p>Plecak na wycieczki szkolne<a href=\"https:\/\/sportano.pl\/p\/256630\/plecak-turystyczny-dzieciecy-osprey-daylite-jr-pack-10-l-alpin-blue-blue-flame\"> <\/a><a href=\"https:\/\/sportano.pl\/p\/256630\/plecak-turystyczny-dzieciecy-osprey-daylite-jr-pack-10-l-alpin-blue-blue-flame\" target=\"_blank\" rel=\"noreferrer noopener\">Osprey Daylite Jr Pack 10 l<\/a>, to lekka i trwa\u0142a konstrukcja, w kt\u00f3rej na odcinku plec\u00f3w zastosowano piank\u0119 pokryt\u0105 siateczk\u0105, spe\u0142niaj\u0105c\u0105 dwie wa\u017cne funkcje. Po pierwsze amortyzuje wag\u0119 pakunku, zwi\u0119kszaj\u0105c wygod\u0119, a po drugie &#8211; szybciej wysycha, wi\u0119c dziecko zyska komfort w ciep\u0142e dni.<\/p>\n\n\n\n<figure class=\"wp-block-image size-full\"><img loading=\"lazy\" decoding=\"async\" width=\"816\" height=\"426\" src=\"https:\/\/sportano.pl\/blog\/wp-content\/uploads\/2024\/05\/plecak-turystyczny-dzieciecy-Osprey-Daylite-Jr-Pack-10l.jpg\" alt=\"Plecak na wycieczki szkolne Osprey Daylite Jr Pack 10 l\" class=\"wp-image-10554\" srcset=\"https:\/\/sportano.pl\/blog\/wp-content\/uploads\/2024\/05\/plecak-turystyczny-dzieciecy-Osprey-Daylite-Jr-Pack-10l.jpg 816w, https:\/\/sportano.pl\/blog\/wp-content\/uploads\/2024\/05\/plecak-turystyczny-dzieciecy-Osprey-Daylite-Jr-Pack-10l-300x157.jpg 300w, https:\/\/sportano.pl\/blog\/wp-content\/uploads\/2024\/05\/plecak-turystyczny-dzieciecy-Osprey-Daylite-Jr-Pack-10l-768x401.jpg 768w, https:\/\/sportano.pl\/blog\/wp-content\/uploads\/2024\/05\/plecak-turystyczny-dzieciecy-Osprey-Daylite-Jr-Pack-10l-100x52.jpg 100w\" sizes=\"auto, (max-width: 816px) 100vw, 816px\" \/><\/figure>\n\n\n\n<p>Za r\u00f3wnomierne u\u0142o\u017cenie plecaka odpowiadaj\u0105 profilowane pasy no\u015bne z paskiem piersiowym (mo\u017cliwo\u015b\u0107 regulacji w pionie oraz poziomie). Plecak na wycieczki szkolne Osprey Daylite Jr Pack 10 l pokryto impregnatem DWR, dlatego krople deszczu swobodnie po nim sp\u0142ywaj\u0105, co zapobiega przemakaniu w trudniejszych warunkach pogodowych. Dost\u0119pu do g\u0142\u00f3wnej komory broni zamek b\u0142yskawiczny. Podobnie jest w przypadku kieszeni frontowej. Na bokach umieszczono otwarte elastyczne kieszonki na napoje.<\/p>\n\n\n\n<h2 class=\"wp-block-heading\"><a><\/a><strong>Plecak na wycieczki<\/strong><strong> Helly Hansen Fauna Kids 6 l<\/strong><\/h2>\n\n\n\n<p>Plecak na wycieczki<a href=\"https:\/\/sportano.pl\/p\/377425\/plecak-turystyczny-dzieciecy-helly-hansen-fauna-kids-6-l-lav-green\"> <\/a><a href=\"https:\/\/sportano.pl\/p\/377425\/plecak-turystyczny-dzieciecy-helly-hansen-fauna-kids-6-l-lav-green\" target=\"_blank\" rel=\"noreferrer noopener\">Helly Hansen Fauna Kids 6 l<\/a>, to przede wszystkim szybkoschn\u0105ca siateczka, roz\u0142o\u017cona na odcinku plec\u00f3w oraz profilowane pasy ramienne. Dzi\u0119ki temu plecak odpowiednio uk\u0142ada si\u0119 na ciele, nie utrudniaj\u0105c aktywno\u015bci.<\/p>\n\n\n\n<figure class=\"wp-block-image size-full\"><img loading=\"lazy\" decoding=\"async\" width=\"816\" height=\"426\" src=\"https:\/\/sportano.pl\/blog\/wp-content\/uploads\/2024\/05\/plecak-turystyczny-dzieciecy-Helly-Hansen-Fauna-Kids-6l.jpg\" alt=\"Plecak na wycieczki Helly Hansen Fauna Kids 6 l w kszta\u0142cie sowy\" class=\"wp-image-10555\" srcset=\"https:\/\/sportano.pl\/blog\/wp-content\/uploads\/2024\/05\/plecak-turystyczny-dzieciecy-Helly-Hansen-Fauna-Kids-6l.jpg 816w, https:\/\/sportano.pl\/blog\/wp-content\/uploads\/2024\/05\/plecak-turystyczny-dzieciecy-Helly-Hansen-Fauna-Kids-6l-300x157.jpg 300w, https:\/\/sportano.pl\/blog\/wp-content\/uploads\/2024\/05\/plecak-turystyczny-dzieciecy-Helly-Hansen-Fauna-Kids-6l-768x401.jpg 768w, https:\/\/sportano.pl\/blog\/wp-content\/uploads\/2024\/05\/plecak-turystyczny-dzieciecy-Helly-Hansen-Fauna-Kids-6l-100x52.jpg 100w\" sizes=\"auto, (max-width: 816px) 100vw, 816px\" \/><\/figure>\n\n\n\n<p>Do g\u0142\u00f3wnej komory plecaka dosta\u0107 si\u0119 mo\u017cna poprzez zapinan\u0105 klamr\u0105 klap\u0119, nast\u0119pnie tunel ze \u015bci\u0105gaczem. Z kolei na froncie umieszczono mniejsz\u0105, siateczkow\u0105 kieszonk\u0119, w kt\u00f3rej zmie\u015bci si\u0119 wilgotna odzie\u017c lub butelka z napojem. Plecak na wycieczki Helly Hansen Fauna Kids 6 l wyr\u00f3\u017cnia si\u0119 stylistyk\u0105, co doceni ka\u017cdy m\u0142ody turysta. Ten model dobrze sprawdzi si\u0119 podczas r\u00f3\u017cnych aktywno\u015bci w mie\u015bcie.<\/p>\n\n\n\n<h2 class=\"wp-block-heading\"><a><\/a><strong>deuter plecak dzieci\u0119cy<\/strong><strong> Junior 18 l<\/strong><\/h2>\n\n\n\n<p>Plecak dzieci\u0119cy deuter<a href=\"https:\/\/sportano.pl\/p\/197825\/plecak-turystyczny-dzieciecy-deuter-junior-18-l-chestnut-mandarine\"> <\/a><a href=\"https:\/\/sportano.pl\/p\/197825\/plecak-turystyczny-dzieciecy-deuter-junior-18-l-chestnut-mandarine\" target=\"_blank\" rel=\"noreferrer noopener\">Junior 18 l<\/a>, wyposa\u017cono w system no\u015bny deuter Airstripes &#8211; znany z trekkingowych konstrukcji dla doros\u0142ych. Oferuje on wygod\u0119 dopasowania, ale te\u017c wi\u0119ksz\u0105 przestrze\u0144 pomi\u0119dzy plecami a materia\u0142em. Przek\u0142ada si\u0119 to na \u015bwietn\u0105 wentylacj\u0119, a wi\u0119c komfort niezb\u0119dny w ciep\u0142e, aktywnie sp\u0119dzane dni. Profilowane pasy ramienne plecaka deuter wyko\u0144czono zgodnie ze standardami technologii Soft-Edge, wi\u0119c nie powoduj\u0105 obtar\u0107.<\/p>\n\n\n\n<figure class=\"wp-block-image size-full\"><img loading=\"lazy\" decoding=\"async\" width=\"816\" height=\"426\" src=\"https:\/\/sportano.pl\/blog\/wp-content\/uploads\/2024\/05\/plecak-turystyczny-dzieciecy-deuter-Junior-18l.jpg\" alt=\"Plecak dzieci\u0119cy deuter Junior 18 l\" class=\"wp-image-10556\" srcset=\"https:\/\/sportano.pl\/blog\/wp-content\/uploads\/2024\/05\/plecak-turystyczny-dzieciecy-deuter-Junior-18l.jpg 816w, https:\/\/sportano.pl\/blog\/wp-content\/uploads\/2024\/05\/plecak-turystyczny-dzieciecy-deuter-Junior-18l-300x157.jpg 300w, https:\/\/sportano.pl\/blog\/wp-content\/uploads\/2024\/05\/plecak-turystyczny-dzieciecy-deuter-Junior-18l-768x401.jpg 768w, https:\/\/sportano.pl\/blog\/wp-content\/uploads\/2024\/05\/plecak-turystyczny-dzieciecy-deuter-Junior-18l-100x52.jpg 100w\" sizes=\"auto, (max-width: 816px) 100vw, 816px\" \/><\/figure>\n\n\n\n<p>Ten model posiada certyfikat bluesign\u00ae, oraz nie zawiera szkodliwych zwi\u0105zk\u00f3w PFC. Jest on zatem bardziej ekologiczny i bezpieczny dla m\u0142odego turysty. deuter plecak dzieci\u0119cy Junior 18 l ma g\u0142\u00f3wn\u0105 komor\u0119 z dost\u0119pem chronionym klap\u0105 zapinan\u0105 klamrami. Na niej znajduje si\u0119 dodatkowa kiesze\u0144 z zamkiem, kt\u00f3ra zmie\u015bci np. kurtk\u0119 przeciwdeszczow\u0105. Front plecaka posiada otwart\u0105 elastyczn\u0105 kiesze\u0144, a na bokach dwie kolejne. Za stabilno\u015b\u0107 odpowiada regulowany w pionie i poziomie pas piersiowy.<\/p>\n\n\n\n<h2 class=\"wp-block-heading\"><a><\/a><strong>Plecak turystyczny dzieci\u0119cy<\/strong><strong> Gregory Icarus 30 l<\/strong><\/h2>\n\n\n\n<p>Plecak turystyczny dzieci\u0119cy<a href=\"https:\/\/sportano.pl\/p\/299561\/plecak-turystyczny-dzieciecy-gregory-icarus-30-l-capri-green\"> <\/a><a href=\"https:\/\/sportano.pl\/p\/299561\/plecak-turystyczny-dzieciecy-gregory-icarus-30-l-capri-green\" target=\"_blank\" rel=\"noreferrer noopener\">Gregory Icarus 30 l<\/a>, to bardzo pojemny model wyposa\u017cony w system no\u015bny Versa Fit, kt\u00f3ry ma ograniczon\u0105 styczno\u015b\u0107 z plecami. Dzi\u0119ki temu poziom wentylacji jest wy\u017cszy, co ogranicza przegrzewanie. W tym rozwi\u0105zaniu wa\u017cn\u0105 rol\u0119 odgrywa pianka 3D, kt\u00f3r\u0105 wyr\u00f3\u017cnia wysoka oddychalno\u015b\u0107 i wygoda dopasowania.<\/p>\n\n\n\n<figure class=\"wp-block-image size-full\"><img loading=\"lazy\" decoding=\"async\" width=\"816\" height=\"426\" src=\"https:\/\/sportano.pl\/blog\/wp-content\/uploads\/2024\/05\/plecak-turystyczny-dzieciecy-gregory-icarus-30l.jpg\" alt=\"Plecak turystyczny dzieci\u0119cy Gregory Icarus 30 l\" class=\"wp-image-10559\" srcset=\"https:\/\/sportano.pl\/blog\/wp-content\/uploads\/2024\/05\/plecak-turystyczny-dzieciecy-gregory-icarus-30l.jpg 816w, https:\/\/sportano.pl\/blog\/wp-content\/uploads\/2024\/05\/plecak-turystyczny-dzieciecy-gregory-icarus-30l-300x157.jpg 300w, https:\/\/sportano.pl\/blog\/wp-content\/uploads\/2024\/05\/plecak-turystyczny-dzieciecy-gregory-icarus-30l-768x401.jpg 768w, https:\/\/sportano.pl\/blog\/wp-content\/uploads\/2024\/05\/plecak-turystyczny-dzieciecy-gregory-icarus-30l-100x52.jpg 100w\" sizes=\"auto, (max-width: 816px) 100vw, 816px\" \/><\/figure>\n\n\n\n<p>Ten model zapewnia dost\u0119p do komory g\u0142\u00f3wnej od g\u00f3ry i od do\u0142u, co czyni go pe\u0142noprawnym plecakiem trekkingowym dla dzieci. Dzi\u0119ki kieszeni na system hydracyjny, mo\u017cna w nim zamontowa\u0107 buk\u0142ak. Na g\u00f3rnej klapie umieszczone zosta\u0142y dwie klasyczne kieszenie, a na bokach dwie kieszenie siateczkowe, przeznaczone na butelki z napojem. Plecak turystyczny dzieci\u0119cy Gregory Icarus 30 l posiada wy\u015bcie\u0142any piank\u0105 szeroki pas biodrowy, a tak\u017ce regulowany w pionie oraz poziomie pas piersiowy. Znajduj\u0105 si\u0119 tu tak\u017ce szlufki do troczenia dodatkowego wyposa\u017cenia i boczne pasy kompresyjne.<\/p>\n\n\n\n<h2 class=\"wp-block-heading\"><a><\/a><strong>Plecak dla dziewczynki<\/strong><strong> Tatonka Mani 20 l<\/strong><\/h2>\n\n\n\n<p>Plecak dla dziewczynki<a href=\"https:\/\/sportano.pl\/p\/344204\/plecak-turystyczny-dzieciecy-tatonka-mani-20-l-bordeaux-red\"> <\/a><a href=\"https:\/\/sportano.pl\/p\/344204\/plecak-turystyczny-dzieciecy-tatonka-mani-20-l-bordeaux-red\" target=\"_blank\" rel=\"noreferrer noopener\">Tatonka Mani 20 l<\/a> pokryto hydrofobowym impregnatem DWR, kt\u00f3ry przyda si\u0119 podczas przelotnych opad\u00f3w deszczu. Dzi\u0119ki niemu krople wody swobodnie sp\u0142ywaj\u0105 po materiale, ograniczaj\u0105c namakanie. System no\u015bny Vent Comfort Carrying System oferuje optymaln\u0105 wentylacj\u0119, a tak\u017ce wygod\u0119 &#8211; za spraw\u0105 u\u017cytej pianki.<\/p>\n\n\n\n<figure class=\"wp-block-image size-full\"><img loading=\"lazy\" decoding=\"async\" width=\"816\" height=\"426\" src=\"https:\/\/sportano.pl\/blog\/wp-content\/uploads\/2024\/05\/plecak-turystyczny-dzieciecy-tatonka-mani-20l-1.jpg\" alt=\"Plecak dla dziewczynki Tatonka Mani 20 l\" class=\"wp-image-10558\" srcset=\"https:\/\/sportano.pl\/blog\/wp-content\/uploads\/2024\/05\/plecak-turystyczny-dzieciecy-tatonka-mani-20l-1.jpg 816w, https:\/\/sportano.pl\/blog\/wp-content\/uploads\/2024\/05\/plecak-turystyczny-dzieciecy-tatonka-mani-20l-1-300x157.jpg 300w, https:\/\/sportano.pl\/blog\/wp-content\/uploads\/2024\/05\/plecak-turystyczny-dzieciecy-tatonka-mani-20l-1-768x401.jpg 768w, https:\/\/sportano.pl\/blog\/wp-content\/uploads\/2024\/05\/plecak-turystyczny-dzieciecy-tatonka-mani-20l-1-100x52.jpg 100w\" sizes=\"auto, (max-width: 816px) 100vw, 816px\" \/><\/figure>\n\n\n\n<p>M\u0142oda turystka dostanie si\u0119 do g\u0142\u00f3wnej komory, odpinaj\u0105c klamry g\u0142\u00f3wnej klapy. Na niej znajduje si\u0119 kiesze\u0144 zapinana zamkiem, kt\u00f3ra doskonale nadaje si\u0119 do przenoszenia kurtki przeciwdeszczowej. Plecak dla dziewczynki Tatonka Mani 20 l na bokach posiada dwie elastyczne kieszenie przeznaczone na napoje. Za wygod\u0119 i stabilno\u015b\u0107 odpowiadaj\u0105: regulowany pas biodrowy i piersiowy. Na plecaku umieszczono szlufki i p\u0119telki do mocowania kijk\u00f3w trekkingowych, a tak\u017ce dodatkowego wyposa\u017cenia.<\/p>\n\n\n\n<h2 class=\"wp-block-heading\"><a><\/a><strong>Plecak turystyczny dla dzieci deuter <\/strong><strong>Kikki 8 l<\/strong><\/h2>\n\n\n\n<p>Plecak turystyczny dla dzieci<a href=\"https:\/\/sportano.pl\/p\/111655\/plecak-turystyczny-dzieciecy-deuter-kikki-8-l-glacier-dustblue\" target=\"_blank\" rel=\"noreferrer noopener\"> deuter Kikki 8 l<\/a> to weso\u0142y doskona\u0142y kompan wycieczek i codziennych aktywno\u015bci, kt\u00f3ry wyposa\u017cono w system no\u015bny deuter Contact System. Wykorzystuje on piank\u0119 oraz szybkoschn\u0105c\u0105 siateczk\u0119, wi\u0119c komfort dziecka jest wy\u017cszy. Za wygod\u0119 odpowiadaj\u0105 tutaj profilowane pasy no\u015bne, dopasowane do sylwetki m\u0142odych turyst\u00f3w. Z kolei du\u017ca stabilno\u015b\u0107 plecaka to zas\u0142uga regulowanego pasa piersiowego.<\/p>\n\n\n\n<figure class=\"wp-block-image size-full\"><img loading=\"lazy\" decoding=\"async\" width=\"816\" height=\"426\" src=\"https:\/\/sportano.pl\/blog\/wp-content\/uploads\/2024\/05\/plecak-turystyczny-dzieciecy-deuter-kikki-8l.jpg\" alt=\"Plecak turystyczny dla dzieci deuter Kikki 8 l\" class=\"wp-image-10557\" srcset=\"https:\/\/sportano.pl\/blog\/wp-content\/uploads\/2024\/05\/plecak-turystyczny-dzieciecy-deuter-kikki-8l.jpg 816w, https:\/\/sportano.pl\/blog\/wp-content\/uploads\/2024\/05\/plecak-turystyczny-dzieciecy-deuter-kikki-8l-300x157.jpg 300w, https:\/\/sportano.pl\/blog\/wp-content\/uploads\/2024\/05\/plecak-turystyczny-dzieciecy-deuter-kikki-8l-768x401.jpg 768w, https:\/\/sportano.pl\/blog\/wp-content\/uploads\/2024\/05\/plecak-turystyczny-dzieciecy-deuter-kikki-8l-100x52.jpg 100w\" sizes=\"auto, (max-width: 816px) 100vw, 816px\" \/><\/figure>\n\n\n\n<p><br>Do g\u0142\u00f3wnej komory prowadzi zamek b\u0142yskawiczny. Tam znajduj\u0105 si\u0119 m.in.: specjalna kiesze\u0144 na brudne przedmioty lub odzie\u017c oraz identyfikator. Plecak turystyczny dla dzieci deuter Kikki 8 l wyposa\u017cono w dwie kieszenie z klapami, kt\u00f3re znajduj\u0105 si\u0119 na bokach i idealnie nadaj\u0105 si\u0119 do przenoszenia butelek z napojami lub przechowywania drobiazg\u00f3w. Zastosowano tu r\u00f3wnie\u017c p\u0119telki do troczenia dodatkowego ekwipunku. Plecak posiada certyfikat bluesign\u00ae, oraz nie zawiera PFC, wi\u0119c jest bardziej ekologiczny i bezpieczny w u\u017cytkowaniu.<\/p>\n<div id=\"synerise-rekomendacje\" class=\"synerise\"><\/div>","protected":false},"excerpt":{"rendered":"<p>Niezale\u017cnie od tego, czy wybierasz si\u0119 z dzieckiem na rodzinny wypad w g\u00f3ry, czy wysy\u0142asz je na wycieczk\u0119 szkoln\u0105, to chcesz zapewni\u0107 mu najlepszy ekwipunek. Jednym z jego kluczowych element\u00f3w jest plecak turystyczny dla dzieci. Przy tak wielu modelach na rynku wyb\u00f3r mo\u017ce by\u0107 trudny, dlatego przygotowali\u015bmy 10 polecanych plecak\u00f3w w g\u00f3ry dla dzieci z [&hellip;]<\/p>\n","protected":false},"author":25,"featured_media":10548,"comment_status":"closed","ping_status":"closed","sticky":false,"template":"","format":"standard","meta":{"_acf_changed":false,"footnotes":""},"categories":[11],"tags":[],"class_list":["post-10543","post","type-post","status-publish","format-standard","has-post-thumbnail","hentry","category-turystyka"],"acf":[],"yoast_head":"<!-- This site is optimized with the Yoast SEO plugin v27.1.1 - https:\/\/yoast.com\/product\/yoast-seo-wordpress\/ -->\n<title>Jaki plecak turystyczny dla dzieci wybra\u0107? 10 polecanych plecak\u00f3w dzieci\u0119cych w g\u00f3ry - Blog Sportano.pl<\/title>\n<meta name=\"description\" content=\"Plecak turystyczny dla dzieci odpowiedni w g\u00f3ry i szkolne wycieczki? Wybierz deuter Waldfuchs 10 l, Gregory Wander 12 l lub Tatonka Wokin 15 l.\" \/>\n<meta name=\"robots\" content=\"index, follow, max-snippet:-1, max-image-preview:large, max-video-preview:-1\" \/>\n<link rel=\"canonical\" href=\"https:\/\/sportano.pl\/blog\/jaki-plecak-turystyczny-dla-dzieci-wybrac-10-polecanych-plecakow-dzieciecych-w-gory\/\" \/>\n<meta property=\"og:locale\" content=\"pl_PL\" \/>\n<meta property=\"og:type\" content=\"article\" \/>\n<meta property=\"og:title\" content=\"Jaki plecak turystyczny dla dzieci wybra\u0107? 10 polecanych plecak\u00f3w dzieci\u0119cych w g\u00f3ry - Blog Sportano.pl\" \/>\n<meta property=\"og:description\" content=\"Plecak turystyczny dla dzieci odpowiedni w g\u00f3ry i szkolne wycieczki? Wybierz deuter Waldfuchs 10 l, Gregory Wander 12 l lub Tatonka Wokin 15 l.\" \/>\n<meta property=\"og:url\" content=\"https:\/\/sportano.pl\/blog\/jaki-plecak-turystyczny-dla-dzieci-wybrac-10-polecanych-plecakow-dzieciecych-w-gory\/\" \/>\n<meta property=\"article:published_time\" content=\"2024-05-31T09:15:35+00:00\" \/>\n<meta property=\"article:modified_time\" content=\"2025-03-10T10:38:11+00:00\" \/>\n<meta property=\"og:image\" content=\"http:\/\/sportano.pl\/blog\/wp-content\/uploads\/2024\/05\/jaki-plecak-turystyczny-dla-dzieci-wybrac-10-polecanych-plecakow-dzieciecych-w-gory.jpg\" \/>\n\t<meta property=\"og:image:width\" content=\"816\" \/>\n\t<meta property=\"og:image:height\" content=\"426\" \/>\n\t<meta property=\"og:image:type\" content=\"image\/jpeg\" \/>\n<meta name=\"author\" content=\"Marcin Denisiuk\" \/>\n<meta name=\"twitter:card\" content=\"summary_large_image\" \/>\n<meta name=\"twitter:label1\" content=\"Napisane przez\" \/>\n\t<meta name=\"twitter:data1\" content=\"Marcin Denisiuk\" \/>\n\t<meta name=\"twitter:label2\" content=\"Szacowany czas czytania\" \/>\n\t<meta name=\"twitter:data2\" content=\"11 minut\" \/>\n<!-- \/ Yoast SEO plugin. -->","yoast_head_json":{"title":"Jaki plecak turystyczny dla dzieci wybra\u0107? 10 polecanych plecak\u00f3w dzieci\u0119cych w g\u00f3ry - Blog Sportano.pl","description":"Plecak turystyczny dla dzieci odpowiedni w g\u00f3ry i szkolne wycieczki? Wybierz deuter Waldfuchs 10 l, Gregory Wander 12 l lub Tatonka Wokin 15 l.","robots":{"index":"index","follow":"follow","max-snippet":"max-snippet:-1","max-image-preview":"max-image-preview:large","max-video-preview":"max-video-preview:-1"},"canonical":"https:\/\/sportano.pl\/blog\/jaki-plecak-turystyczny-dla-dzieci-wybrac-10-polecanych-plecakow-dzieciecych-w-gory\/","og_locale":"pl_PL","og_type":"article","og_title":"Jaki plecak turystyczny dla dzieci wybra\u0107? 10 polecanych plecak\u00f3w dzieci\u0119cych w g\u00f3ry - Blog Sportano.pl","og_description":"Plecak turystyczny dla dzieci odpowiedni w g\u00f3ry i szkolne wycieczki? Wybierz deuter Waldfuchs 10 l, Gregory Wander 12 l lub Tatonka Wokin 15 l.","og_url":"https:\/\/sportano.pl\/blog\/jaki-plecak-turystyczny-dla-dzieci-wybrac-10-polecanych-plecakow-dzieciecych-w-gory\/","article_published_time":"2024-05-31T09:15:35+00:00","article_modified_time":"2025-03-10T10:38:11+00:00","og_image":[{"width":816,"height":426,"url":"http:\/\/sportano.pl\/blog\/wp-content\/uploads\/2024\/05\/jaki-plecak-turystyczny-dla-dzieci-wybrac-10-polecanych-plecakow-dzieciecych-w-gory.jpg","type":"image\/jpeg"}],"author":"Marcin Denisiuk","twitter_card":"summary_large_image","twitter_misc":{"Napisane przez":"Marcin Denisiuk","Szacowany czas czytania":"11 minut"},"schema":{"@context":"https:\/\/schema.org","@graph":[{"@type":"Article","@id":"https:\/\/sportano.pl\/blog\/jaki-plecak-turystyczny-dla-dzieci-wybrac-10-polecanych-plecakow-dzieciecych-w-gory\/#article","isPartOf":{"@id":"https:\/\/sportano.pl\/blog\/jaki-plecak-turystyczny-dla-dzieci-wybrac-10-polecanych-plecakow-dzieciecych-w-gory\/"},"author":{"name":"Marcin Denisiuk","@id":"https:\/\/sportano.pl\/blog\/#\/schema\/person\/a2747ab8004f5af9113d86e44c469f72"},"headline":"Jaki plecak turystyczny dla dzieci wybra\u0107? 10 polecanych plecak\u00f3w dzieci\u0119cych w g\u00f3ry","datePublished":"2024-05-31T09:15:35+00:00","dateModified":"2025-03-10T10:38:11+00:00","mainEntityOfPage":{"@id":"https:\/\/sportano.pl\/blog\/jaki-plecak-turystyczny-dla-dzieci-wybrac-10-polecanych-plecakow-dzieciecych-w-gory\/"},"wordCount":1638,"publisher":{"@id":"https:\/\/sportano.pl\/blog\/#organization"},"image":{"@id":"https:\/\/sportano.pl\/blog\/jaki-plecak-turystyczny-dla-dzieci-wybrac-10-polecanych-plecakow-dzieciecych-w-gory\/#primaryimage"},"thumbnailUrl":"https:\/\/sportano.pl\/blog\/wp-content\/uploads\/2024\/05\/jaki-plecak-turystyczny-dla-dzieci-wybrac-10-polecanych-plecakow-dzieciecych-w-gory.jpg","articleSection":["Wszystko o turystyce"],"inLanguage":"pl-PL"},{"@type":"WebPage","@id":"https:\/\/sportano.pl\/blog\/jaki-plecak-turystyczny-dla-dzieci-wybrac-10-polecanych-plecakow-dzieciecych-w-gory\/","url":"https:\/\/sportano.pl\/blog\/jaki-plecak-turystyczny-dla-dzieci-wybrac-10-polecanych-plecakow-dzieciecych-w-gory\/","name":"Jaki plecak turystyczny dla dzieci wybra\u0107? 10 polecanych plecak\u00f3w dzieci\u0119cych w g\u00f3ry - Blog Sportano.pl","isPartOf":{"@id":"https:\/\/sportano.pl\/blog\/#website"},"primaryImageOfPage":{"@id":"https:\/\/sportano.pl\/blog\/jaki-plecak-turystyczny-dla-dzieci-wybrac-10-polecanych-plecakow-dzieciecych-w-gory\/#primaryimage"},"image":{"@id":"https:\/\/sportano.pl\/blog\/jaki-plecak-turystyczny-dla-dzieci-wybrac-10-polecanych-plecakow-dzieciecych-w-gory\/#primaryimage"},"thumbnailUrl":"https:\/\/sportano.pl\/blog\/wp-content\/uploads\/2024\/05\/jaki-plecak-turystyczny-dla-dzieci-wybrac-10-polecanych-plecakow-dzieciecych-w-gory.jpg","datePublished":"2024-05-31T09:15:35+00:00","dateModified":"2025-03-10T10:38:11+00:00","description":"Plecak turystyczny dla dzieci odpowiedni w g\u00f3ry i szkolne wycieczki? Wybierz deuter Waldfuchs 10 l, Gregory Wander 12 l lub Tatonka Wokin 15 l.","breadcrumb":{"@id":"https:\/\/sportano.pl\/blog\/jaki-plecak-turystyczny-dla-dzieci-wybrac-10-polecanych-plecakow-dzieciecych-w-gory\/#breadcrumb"},"inLanguage":"pl-PL","potentialAction":[{"@type":"ReadAction","target":["https:\/\/sportano.pl\/blog\/jaki-plecak-turystyczny-dla-dzieci-wybrac-10-polecanych-plecakow-dzieciecych-w-gory\/"]}]},{"@type":"ImageObject","inLanguage":"pl-PL","@id":"https:\/\/sportano.pl\/blog\/jaki-plecak-turystyczny-dla-dzieci-wybrac-10-polecanych-plecakow-dzieciecych-w-gory\/#primaryimage","url":"https:\/\/sportano.pl\/blog\/wp-content\/uploads\/2024\/05\/jaki-plecak-turystyczny-dla-dzieci-wybrac-10-polecanych-plecakow-dzieciecych-w-gory.jpg","contentUrl":"https:\/\/sportano.pl\/blog\/wp-content\/uploads\/2024\/05\/jaki-plecak-turystyczny-dla-dzieci-wybrac-10-polecanych-plecakow-dzieciecych-w-gory.jpg","width":816,"height":426,"caption":"Nastolatek z plecakiem odpoczywaj\u0105cy na skale nad rzek\u0105 w czasie wyprawy g\u00f3rskiej"},{"@type":"BreadcrumbList","@id":"https:\/\/sportano.pl\/blog\/jaki-plecak-turystyczny-dla-dzieci-wybrac-10-polecanych-plecakow-dzieciecych-w-gory\/#breadcrumb","itemListElement":[{"@type":"ListItem","position":1,"name":"Strona g\u0142\u00f3wna","item":"https:\/\/sportano.pl\/blog\/"},{"@type":"ListItem","position":2,"name":"Jaki plecak turystyczny dla dzieci wybra\u0107? 10 polecanych plecak\u00f3w dzieci\u0119cych w g\u00f3ry"}]},{"@type":"WebSite","@id":"https:\/\/sportano.pl\/blog\/#website","url":"https:\/\/sportano.pl\/blog\/","name":"","description":"","publisher":{"@id":"https:\/\/sportano.pl\/blog\/#organization"},"potentialAction":[{"@type":"SearchAction","target":{"@type":"EntryPoint","urlTemplate":"https:\/\/sportano.pl\/blog\/?s={search_term_string}"},"query-input":{"@type":"PropertyValueSpecification","valueRequired":true,"valueName":"search_term_string"}}],"inLanguage":"pl-PL"},{"@type":"Organization","@id":"https:\/\/sportano.pl\/blog\/#organization","name":"Sportano.pl","url":"https:\/\/sportano.pl\/blog\/","logo":{"@type":"ImageObject","inLanguage":"pl-PL","@id":"https:\/\/sportano.pl\/blog\/#\/schema\/logo\/image\/","url":"http:\/\/sportano.pl\/blog\/wp-content\/uploads\/2022\/04\/sportano-blog-logo.png","contentUrl":"http:\/\/sportano.pl\/blog\/wp-content\/uploads\/2022\/04\/sportano-blog-logo.png","width":1200,"height":200,"caption":"Sportano.pl"},"image":{"@id":"https:\/\/sportano.pl\/blog\/#\/schema\/logo\/image\/"}},{"@type":"Person","@id":"https:\/\/sportano.pl\/blog\/#\/schema\/person\/a2747ab8004f5af9113d86e44c469f72","name":"Marcin Denisiuk","image":{"@type":"ImageObject","inLanguage":"pl-PL","@id":"https:\/\/sportano.pl\/blog\/#\/schema\/person\/image\/","url":"https:\/\/secure.gravatar.com\/avatar\/18fbfc25985af0b4d41958c68c0e0ab3c5de71736ab1d05296b5c07053531afe?s=96&d=mm&r=g","contentUrl":"https:\/\/secure.gravatar.com\/avatar\/18fbfc25985af0b4d41958c68c0e0ab3c5de71736ab1d05296b5c07053531afe?s=96&d=mm&r=g","caption":"Marcin Denisiuk"}}]}},"_links":{"self":[{"href":"https:\/\/sportano.pl\/blog\/wp-json\/wp\/v2\/posts\/10543","targetHints":{"allow":["GET"]}}],"collection":[{"href":"https:\/\/sportano.pl\/blog\/wp-json\/wp\/v2\/posts"}],"about":[{"href":"https:\/\/sportano.pl\/blog\/wp-json\/wp\/v2\/types\/post"}],"author":[{"embeddable":true,"href":"https:\/\/sportano.pl\/blog\/wp-json\/wp\/v2\/users\/25"}],"replies":[{"embeddable":true,"href":"https:\/\/sportano.pl\/blog\/wp-json\/wp\/v2\/comments?post=10543"}],"version-history":[{"count":6,"href":"https:\/\/sportano.pl\/blog\/wp-json\/wp\/v2\/posts\/10543\/revisions"}],"predecessor-version":[{"id":19120,"href":"https:\/\/sportano.pl\/blog\/wp-json\/wp\/v2\/posts\/10543\/revisions\/19120"}],"wp:featuredmedia":[{"embeddable":true,"href":"https:\/\/sportano.pl\/blog\/wp-json\/wp\/v2\/media\/10548"}],"wp:attachment":[{"href":"https:\/\/sportano.pl\/blog\/wp-json\/wp\/v2\/media?parent=10543"}],"wp:term":[{"taxonomy":"category","embeddable":true,"href":"https:\/\/sportano.pl\/blog\/wp-json\/wp\/v2\/categories?post=10543"},{"taxonomy":"post_tag","embeddable":true,"href":"https:\/\/sportano.pl\/blog\/wp-json\/wp\/v2\/tags?post=10543"}],"curies":[{"name":"wp","href":"https:\/\/api.w.org\/{rel}","templated":true}]}}