{"id":10681,"date":"2024-06-05T05:32:26","date_gmt":"2024-06-05T05:32:26","guid":{"rendered":"https:\/\/sportano.pl\/blog\/?p=10681"},"modified":"2026-04-21T13:07:52","modified_gmt":"2026-04-21T13:07:52","slug":"karpacz-szlaki-turystyczne-5-latwych-szlakow-dla-poczatkujacych","status":"publish","type":"post","link":"https:\/\/sportano.pl\/blog\/karpacz-szlaki-turystyczne-5-latwych-szlakow-dla-poczatkujacych\/","title":{"rendered":"Karpacz szlaki turystyczne: 5 \u0142atwych szlak\u00f3w dla pocz\u0105tkuj\u0105cych"},"content":{"rendered":"\n<p><strong>Mi\u0142o\u015bnikom g\u00f3rskich w\u0119dr\u00f3wek Karpacz kojarzy si\u0119 ze \u015anie\u017ck\u0105, bo w\u0142a\u015bnie z tej miejscowo\u015bci najlepiej wyruszy\u0107, gdy chce si\u0119 zdoby\u0107 najwy\u017cszy szczyt Sudet\u00f3w. Jednak nie ka\u017cdy ma tyle si\u0142 lub wystarczaj\u0105ce do\u015bwiadczenie, \u017ceby od razu mierzy\u0107 si\u0119 z Kr\u00f3low\u0105 Karkonoszy. Planujesz odwiedzi\u0107 Karpacz z dzieckiem? Szlaki, kt\u00f3re tu przedstawiamy, powinny spodoba\u0107 si\u0119 najm\u0142odszym i &#8211; co wa\u017cne &#8211; nie s\u0105 zbyt wymagaj\u0105ce. Szukasz pomys\u0142u na spacer z psem? W tym artykule opiszemy te\u017c trasy, na kt\u00f3re mo\u017cna zabra\u0107 czworonoga.<\/strong><\/p>\n\n\n\n<h2 class=\"wp-block-heading\">Karpacz z dzieckiem. Spacer na g\u00f3r\u0119 Karpatka<\/h2>\n\n\n\n<p>Nasz\u0105 pierwsz\u0105 propozycj\u0105 jest wycieczka na g\u00f3r\u0119 Karpatka. Najlepiej wyruszy\u0107 z przystanku Karpacz Bia\u0142y Jar, kt\u00f3ry jest wa\u017cnym w\u0119z\u0142em szlak\u00f3w. Je\u015bli planujesz wr\u00f3ci\u0107 do tego samego miejsca, ca\u0142a trasa liczy\u0107 b\u0119dzie zaledwie 2,6 km, a \u0142\u0105czna suma przewy\u017csze\u0144 wyniesie 124 m.<\/p>\n\n\n\n<p>Pocz\u0105tek jest wyj\u0105tkowo \u0142atwy, bo trasa prowadzi z g\u00f3rki. Kieruj\u0105c si\u0119 czerwonymi oznaczeniami G\u0142\u00f3wnego Szlaku Sudeckiego, dotrzesz do tamy na rzece \u0141omnica. Pierwsz\u0105 atrakcj\u0105 jest spacer po koronie zapory, kt\u00f3ra mierzy 105 metr\u00f3w d\u0142ugo\u015bci. Obiekt wybudowany zosta\u0142 w 1915 roku, by zapobiec powodziom, kt\u00f3re cz\u0119sto nawiedza\u0142y t\u0119 okolic\u0119. Z tamy mo\u017cna podziwia\u0107 ma\u0142e, ale malownicze jeziorko. Po drugiej stronie znajduje si\u0119 rozwidlenie szlak\u00f3w. Czerwonym dotrzesz na szczyt Karpatki (727 m n.p.m.). Niebieskim wr\u00f3cisz w to miejsce, je\u015bli zechcesz zrobi\u0107 ma\u0142\u0105 p\u0119telk\u0119. Po drodze miniesz ciekawe formy skalne. Jest te\u017c punkt widokowy, z kt\u00f3rego zobaczysz \u015anie\u017ck\u0119 i panoram\u0119 Karkonoszy oraz spojrzysz z g\u00f3ry na miasto. Chcesz odwiedzi\u0107 Karpacz z psem? Szlaki o kt\u00f3rych tu mowa, znajduj\u0105 si\u0119 poza granicami Karkonoskiego Parku Narodowego, wi\u0119c w tej kwestii nie ma \u017cadnych ogranicze\u0144.<\/p>\n\n\n\n<p>Je\u015bli szukasz porad dotycz\u0105cych wycieczek z czworonogiem, polecamy artyku\u0142: <a href=\"https:\/\/sportano.pl\/blog\/gory-z-psem-jak-sie-przygotowac-gdzie-jechac-co-zabrac\/\" target=\"_blank\" rel=\"noreferrer noopener\">G\u00f3ry z psem<\/a><\/p>\n\n\n<p><center><iframe loading=\"lazy\" style=\"border: none;\" src=\"https:\/\/pl.frame.mapy.cz\/s\/fematedodo\" width=\"816\" height=\"426\" frameborder=\"0\"><\/iframe><\/center><\/p>\n<\/p>\n\n\n<figure class=\"wp-block-table is-style-stripes\"><table><tbody><tr><td class=\"has-text-align-center\" data-align=\"center\"><strong>D\u0142ugo\u015b\u0107 trasy<\/strong><\/td><td class=\"has-text-align-center\" data-align=\"center\">2,6 km<\/td><\/tr><tr><td class=\"has-text-align-center\" data-align=\"center\"><strong>Suma przewy\u017csze\u0144<\/strong><\/td><td class=\"has-text-align-center\" data-align=\"center\">124 m<\/td><\/tr><tr><td class=\"has-text-align-center\" data-align=\"center\"><strong>W\u0119dr\u00f3wka z psem<\/strong><\/td><td class=\"has-text-align-center\" data-align=\"center\">dozwolona<\/td><\/tr><\/tbody><\/table><\/figure>\n\n\n\n<!-- BEGIN - reko -->\n<div class=\"recco1\" data-synerise-slot=\"product-reco\">\n    \n<\/div>\n<!-- END - reko -->\n\n\n\n<h2 class=\"wp-block-heading\">Karpacz szlaki turystyczne Pog\u00f3rza Karkonoskiego z dzieckiem<\/h2>\n\n\n\n<p>Planujesz w\u0119dr\u00f3wk\u0119 z pociechami, kt\u00f3re jeszcze nie by\u0142y w g\u00f3rach? A mo\u017ce chcesz odwiedzi\u0107 Karpacz z psem? Szlaki, kt\u00f3re nie zniech\u0119c\u0105 maluch\u00f3w i gdzie mo\u017cna zabra\u0107 czworonoga znajdziesz na Pog\u00f3rzu Karkonoskim. To niezbyt wysokie wzniesienia, kt\u00f3re oddzielaj\u0105 Karpacz od Kotliny Jeleniog\u00f3rskiej.<\/p>\n\n\n\n<p>Gdzie konkretnie mo\u017cesz si\u0119 wybra\u0107? Na przyk\u0142ad na Czo\u0142o (874 m n.p.m.), czyli najwy\u017csz\u0105 g\u00f3r\u0119 w tym pa\u015bmie, a potem do karkonoskich czakram\u00f3w. Wycieczk\u0119 najlepiej zacz\u0105\u0107 z parkingu pod \u015awi\u0105tyni\u0105 Wang. Ten ma\u0142y ko\u015bci\u00f3\u0142ek wr\u00f3s\u0142 w tutejszy krajobraz, staj\u0105c si\u0119 prawdziw\u0105 wizyt\u00f3wk\u0105 kurortu. Wzniesiono go na prze\u0142omie XII i XIII wieku w norweskiej miejscowo\u015bci Vang, a gdy by\u0142 ju\u017c za ma\u0142y na potrzeby parafii, zosta\u0142 rozebrany i sprzedany. Ostatecznie, w roku 1842, trafi\u0142 w Sudety i uchodzi dzi\u015b za najstarsz\u0105 drewnian\u0105 \u015bwi\u0105tyni\u0119 w Polsce. Pod\u0105\u017caj\u0105c na p\u00f3\u0142noc za \u017c\u00f3\u0142tymi oznaczeniami szlaku, dotrzesz do Czo\u0142a. Na zboczach tego wzniesienia znajduj\u0105 si\u0119 liczne ska\u0142ki, kt\u00f3re powinny zainteresowa\u0107 ma\u0142ych odkrywc\u00f3w.<\/p>\n\n\n\n<p>Przerw\u0119 na posi\u0142ek warto zaplanowa\u0107 w Sosn\u00f3wce G\u00f3rnej. Tam te\u017c znajduje si\u0119 s\u0142ynne \u0179r\u00f3de\u0142ko Mi\u0142o\u015bci, kt\u00f3re wybija przy uroczej Kapliczce \u015bw. Anny. Woda z tego zdroju ma w\u0142a\u015bciwo\u015bci zdrowotne (dzi\u0119ki zawarto\u015bci radonu). Wed\u0142ug legendy, pomaga te\u017c osobomszukaj\u0105cym szcz\u0119\u015bcia w mi\u0142o\u015bci. Gdy dojdziesz do rozga\u0142\u0119zienia szlak\u00f3w, wybierz niebieski. Po 600 metrach miniesz tajemnicze wej\u015bcie &#8211; to pozosta\u0142o\u015b\u0107 Sztolni Kraberstollen. Pono\u0107 wydobywano tu kwarc lub magnetyt. Po doj\u015bciu do skrzy\u017cowania, skieruj si\u0119 na szlak czerwony, kt\u00f3ry odbija w prawo. Wkr\u00f3tce zobaczysz dwie ciekawe ska\u0142ki: p\u0142ask\u0105 Patelni\u0119, a potem strzelist\u0105 Ostr\u0105. Od niepami\u0119tnych czas\u00f3w uwa\u017ca si\u0119 je za karkonoskie czakramy, czyli magiczne punkty, w kt\u00f3rych energia ziemi \u0142\u0105czy si\u0119 z energi\u0105 pochodz\u0105c\u0105 z kosmosu. Gdy ju\u017c dotrzesz do Karpacza, szlak zielony zaprowadzi Ci\u0119 do punktu, z kt\u00f3rego zacz\u0119\u0142a si\u0119 wycieczka. Ca\u0142a trasa liczy prawie 10 km, a suma przewy\u017csze\u0144 nie przekracza 400 m.<\/p>\n\n\n<p><center><iframe loading=\"lazy\" style=\"border:none\" src=\"https:\/\/pl.frame.mapy.cz\/s\/nalafatezu\" width=\"816\" height=\"426\" frameborder=\"0\"><\/iframe><\/center><\/p>\n\n\n<figure class=\"wp-block-table is-style-stripes\"><table><tbody><tr><td class=\"has-text-align-center\" data-align=\"center\"><strong>D\u0142ugo\u015b\u0107 trasy<\/strong><\/td><td class=\"has-text-align-center\" data-align=\"center\">9,9 km<\/td><\/tr><tr><td class=\"has-text-align-center\" data-align=\"center\"><strong>Suma przewy\u017csze\u0144<\/strong><\/td><td class=\"has-text-align-center\" data-align=\"center\">389 m<\/td><\/tr><tr><td class=\"has-text-align-center\" data-align=\"center\"><strong>W\u0119dr\u00f3wka z psem<\/strong><\/td><td class=\"has-text-align-center\" data-align=\"center\">dozwolona<\/td><\/tr><\/tbody><\/table><\/figure>\n\n\n\n<!-- BEGIN - reko -->\n<div class=\"recco2\" data-synerise-slot=\"product-reco\">\n    \n<\/div>\n<!-- END - reko -->\n\n\n\n<h2 class=\"wp-block-heading\">\u0141atwe szlaki turystyczne w Karpaczu. Spacer do Borowic<\/h2>\n\n\n\n<p>Nasz\u0105 kolejn\u0105 propozycj\u0105 jest kr\u00f3tka wycieczka w formie siedmiokilometrowej p\u0119tli, dla kt\u00f3rej baz\u0119 stanowi\u0105 szlaki turystyczne Karpacz G\u00f3rny &#8211; R\u00f3wienka &#8211; Borowice (niebieski i czarny) oraz Borowice &#8211; Karpacz G\u00f3rny (zielony). B\u0119dzie ona \u015bwietn\u0105 propozycj\u0105 dla turyst\u00f3w, kt\u00f3rzy nie maj\u0105 jeszcze wprawy lub kondycji, by zdobywa\u0107 najwy\u017csze szczyty i ceni\u0105 sobie spok\u00f3j.&nbsp; Pocz\u0105tek oraz met\u0119 wyznaczyli\u015bmy na parkingu pod \u015awi\u0105tyni\u0105 Wang. Zanim na dobre rozpoczniesz spacer, mo\u017cesz zrobi\u0107 sobie\u2026 przerw\u0119, by zwiedzi\u0107 uroczy, drewniany ko\u015bci\u00f3\u0142ek i uwieczni\u0107 go na zdj\u0119ciach. Pierwszy odcinek prowadzi szerokim traktem, w kierunku g\u00f3ry R\u00f3wienka (960 m n.p.m.). To najwy\u017cszy punkt na trasie.<\/p>\n\n\n\n<p>Na rozwidleniu wybierz czarny szlak, kt\u00f3ry schodzi do Borowic Dolin\u0105 Jod\u0142\u00f3wki. Ten zalesiony jar, wy\u017c\u0142obiony zosta\u0142 przez niewielki g\u00f3rski potok. Dzi\u015b le\u017cy poza utartymi \u015bcie\u017ckami, prowadz\u0105cymi na karkonosk\u0105 gra\u0144, co dodaje mu uroku. Najciekawszym miejscem na tym odcinku jest malowniczy Wodospad Jod\u0142\u00f3wki. Po pokonaniu 3,5 km dotrzesz do Borowic &#8211; letniskowej wsi, po\u0142o\u017conej na wysoko\u015bci 625 &#8211; 710 m n.p.m. w Dolinie Pi\u0119ciu Potok\u00f3w. Historia osady si\u0119ga XVII wieku, kiedy to z Czech przyby\u0142 tu niejaki Marksteiner &#8211; szwajcarski cie\u015bla, szukaj\u0105cy miejsca wolnego od prze\u015bladowa\u0144 religijnych. Otoczone lasami Borowice nie przypominaj\u0105 zat\u0142oczonych kurort\u00f3w. Je\u015bli lubisz cisz\u0119 i cenisz sobie bliski kontakt z natur\u0105, b\u0119dzie to idealne miejsce, by zrobi\u0107 d\u0142u\u017csz\u0105 przerw\u0119.<\/p>\n\n\n\n<p>Na parking pod \u015awi\u0105tyni\u0105 Wang wr\u00f3cisz, kieruj\u0105c si\u0119 oznaczeniami zielonego szlaku turystycznego, kt\u00f3ry trawersuje p\u00f3\u0142nocny stok Czarnej G\u00f3ry. Planujesz odwiedzi\u0107 Karpacz z dzieckiem? Szlaki, kt\u00f3re opisali\u015bmy nie s\u0105 trudne. \u0141\u0105czna suma przewy\u017csze\u0144 na tej trasie wynosi nieca\u0142e 350 m. Na tak\u0105 wycieczk\u0119 spokojnie mo\u017cna zabra\u0107 najm\u0142odszych turyst\u00f3w lub czworono\u017cnego przyjaciela.<\/p>\n\n\n<p><center><iframe loading=\"lazy\" style=\"border:none\" src=\"https:\/\/pl.frame.mapy.cz\/s\/jajakenaco\" width=\"816\" height=\"426\" frameborder=\"0\"><\/iframe><\/center><\/p>\n\n\n<figure class=\"wp-block-table is-style-stripes\"><table><tbody><tr><td class=\"has-text-align-center\" data-align=\"center\"><strong>D\u0142ugo\u015b\u0107 trasy<\/strong><\/td><td class=\"has-text-align-center\" data-align=\"center\">6,9 km<\/td><\/tr><tr><td class=\"has-text-align-center\" data-align=\"center\"><strong>Suma przewy\u017csze\u0144<\/strong><\/td><td class=\"has-text-align-center\" data-align=\"center\">347 m<\/td><\/tr><tr><td class=\"has-text-align-center\" data-align=\"center\"><strong>W\u0119dr\u00f3wka z psem<\/strong><\/td><td class=\"has-text-align-center\" data-align=\"center\">dozwolona<\/td><\/tr><\/tbody><\/table><\/figure>\n\n\n\n<!-- BEGIN - reko -->\n<div class=\"recco3\" data-synerise-slot=\"product-reco\">\n    \n<\/div>\n<!-- END - reko -->\n\n\n\n<h2 class=\"wp-block-heading\">Karpacz szlaki turystyczne: wycieczka do Samotni i Strzechy Akademickiej<\/h2>\n\n\n\n<p>Nie s\u0105 to wszystkie ciekawe szlaki. Karpacz ma do zaoferowania du\u017co wi\u0119cej &#8211; tak\u017ce osobom, kt\u00f3re nie chodzi\u0142y wcze\u015bniej po wy\u017cszych g\u00f3rach, ale chc\u0105 spr\u00f3bowa\u0107 tego typu aktywno\u015bci. Takim turystom mo\u017cemy poleci\u0107 atrakcyjn\u0105, dziesi\u0119ciokilometrow\u0105 p\u0119tl\u0119, kt\u00f3ra pozwoli zapozna\u0107 si\u0119 z Karkonoszami, bez podchodzenia na gra\u0144. Planujesz odwiedzi\u0107 Karpacz z psem? Szlaki, kt\u00f3re proponujemy, s\u0105 odpowiednie, by zabra\u0107 ze sob\u0105 pupila. Mimo, \u017ce porusza\u0107 si\u0119 b\u0119dziesz w obr\u0119bie parku narodowego, to na tych odcinkach nie obowi\u0105zuje zakaz w\u0119drowania z czworonogiem.<br><br>Pe\u0142na lista szlak\u00f3w na terenie Karkonoskiego Parku Narodowego, na kt\u00f3re mo\u017cesz zabra\u0107 psa dost\u0119pna jest na: <a href=\"https:\/\/kpnmab.pl\/mapa-szlakow-dopuszczonych-do-wedrowek-z-psami-1977\/n\" target=\"_blank\" rel=\"noreferrer noopener\">Mapa szlak\u00f3w do w\u0119dr\u00f3wek z psami<\/a>.<\/p>\n\n\n\n<h3 class=\"wp-block-heading\">Dlaczego warto wybra\u0107 t\u0119 opcj\u0119? <\/h3>\n\n\n\n<p>Bo podczas wycieczki nacieszysz oczy g\u00f3rskimi widokami oraz poczujesz klimat starych, karkonoskich schronisk. Chocia\u017c trzeba si\u0119 wspi\u0105\u0107 na wysoko\u015b\u0107 1259 m n.p.m., co oznacza konieczno\u015b\u0107 pokonania 540 metr\u00f3w przewy\u017cszenia, przy sprzyjaj\u0105cej pogodzie z wyzwaniem tym powinny poradzi\u0107 sobie nawet dzieci.<\/p>\n\n\n\n<p>W\u0119dr\u00f3wk\u0119 najlepiej zacz\u0105\u0107 na przystanku Karpacz Bia\u0142y Jar. Pierwszy odcinek prowadzi zielonym szlakiem, czyli tzw. Drog\u0105 Bronka Czecha. Po przej\u015bciu 3 km, dotrzesz na Star\u0105 Polan\u0119 (1067 m n.p.m.), gdzie kiedy\u015b znajdowa\u0142o si\u0119 schronisko. Wygodne \u0142aweczki i pi\u0119kna panorama zach\u0119caj\u0105, by zrobi\u0107 sobie tu przerw\u0119. Na rozwidleniu szlak\u00f3w, wybierz ten oznaczony kolorem niebieskim, kt\u00f3ry zaprowadzi Ci\u0119 do uroczego polodowcowego Kot\u0142a Ma\u0142ego Stawu (5 km trasy).<\/p>\n\n\n\n<p>Malownicze g\u00f3rskie jeziorko otoczone jest pot\u0119\u017cnymi 200-metrowymi \u015bcianami. W tej wyj\u0105tkowej scenerii znajduje si\u0119 s\u0142ynna Samotnia. Obiekt ten wzmiankowany by\u0142 ju\u017c w 1670 roku, a dzi\u015b uznawany jest za jedno z najpi\u0119kniejszych schronisk w polskich g\u00f3rach. Zdj\u0119cie na tle drewnianego budynku, kt\u00f3ry ozdobiony zosta\u0142 ciekaw\u0105 wie\u017cyczk\u0105, to punkt obowi\u0105zkowy wielu wycieczek. W Samotni dzia\u0142a bufet, co ucieszy nie tylko najm\u0142odszych, spragnionych nagrody za w\u0142o\u017cony trud. Przy dobrej pogodzie warto zaj\u0105\u0107 jedn\u0105 z \u0142aweczek przy Ma\u0142ym Stawie i ukoi\u0107 zmys\u0142y szumem strumyk\u00f3w, kt\u00f3re z impetem wpadaj\u0105 do jeziorka.<\/p>\n\n\n\n<p>Je\u015bli nie zdecydujesz si\u0119 na przerw\u0119 przy Samotni, nic straconego. 600 metr\u00f3w dalej jest drugie schronisko &#8211; nieco wi\u0119ksza Strzecha Akademicka. Z tarasu przed tym obiektem roztacza si\u0119 widok na Pog\u00f3rze Karkonoskie i Kotlin\u0119 Jeleniog\u00f3rsk\u0105. To najwy\u017cej po\u0142o\u017cony punkt na trasie. Do miejsca sk\u0105d zacz\u0119\u0142a si\u0119 wycieczka, zaprowadz\u0105 Ci\u0119 oznaczenia \u017c\u00f3\u0142tego szlaku turystycznego.<\/p>\n\n\n<p><center><iframe loading=\"lazy\" style=\"border: none;\" src=\"https:\/\/pl.frame.mapy.cz\/s\/ceboteluha\" width=\"816\" height=\"426\" frameborder=\"0\"><\/iframe><\/center><\/p>\n\n\n<figure class=\"wp-block-table is-style-stripes\"><table><tbody><tr><td class=\"has-text-align-center\" data-align=\"center\"><strong>D\u0142ugo\u015b\u0107 trasy<\/strong><\/td><td class=\"has-text-align-center\" data-align=\"center\">10,3 km<\/td><\/tr><tr><td class=\"has-text-align-center\" data-align=\"center\"><strong>Suma przewy\u017csze\u0144<\/strong><\/td><td class=\"has-text-align-center\" data-align=\"center\">540 m<\/td><\/tr><tr><td class=\"has-text-align-center\" data-align=\"center\"><strong>W\u0119dr\u00f3wka z psem<\/strong><\/td><td class=\"has-text-align-center\" data-align=\"center\">dozwolona<\/td><\/tr><\/tbody><\/table><\/figure>\n\n\n\n<!-- BEGIN - reko -->\r\n<div class=\"recco4\" data-synerise-slot=\"product-reco\">\r\n    \r\n<\/div>\r\n<!-- END - reko -->\n\n\n\n<h2 class=\"wp-block-heading\">Szlaki piesze dla pocz\u0105tkuj\u0105cych w Karpaczu: Wilcza Por\u0119ba &#8211; Budniki &#8211; Skalny St\u00f3\u0142<\/h2>\n\n\n\n<p>Ta propozycja spodoba si\u0119 osobom, kt\u00f3re szukaj\u0105 niezbyt d\u0142ugich i mniej ucz\u0119szczanych tras, ale s\u0105 gotowe pokona\u0107 troch\u0119 wi\u0119ksze przewy\u017cszenie &#8211; 639 m. Do tego prowadzi szlakami, na kt\u00f3rych dozwolone s\u0105 w\u0119dr\u00f3wki z psem.<\/p>\n\n\n\n<p>Wycieczk\u0119 mo\u017cna zacz\u0105\u0107 na parkingu w dzielnicy Wilcza Por\u0119ba. Pierwszy odcinek, to w\u0119dr\u00f3wka tzw. Tabaczan\u0105 \u015acie\u017ck\u0105, czyli traktem, z&nbsp; kt\u00f3rego w XIX wieku korzystali przemytnicy szmugluj\u0105cy tyto\u0144 z Austrii. Zielone oznaczenia szlaku turystycznego doprowadz\u0105 Ci\u0119 do miejsca, gdzie niegdy\u015b istnia\u0142a osada Budniki. Powsta\u0142a ona w czasach wojny trzydziestoletniej, gdy mieszka\u0144cy okolicznych miejscowo\u015bci szukali bezpiecznego schronienia w g\u00f3rach. Na polanie, po\u0142o\u017conej na wysoko\u015bci 850 m n.p.m., dostrzec mo\u017cna pozosta\u0142o\u015bci dom\u00f3w oraz sztolni. W miejscu tym jest dzi\u015b zadaszony schron turystyczny, w kt\u00f3rym mo\u017cesz zaplanowa\u0107 odpoczynek.<\/p>\n\n\n\n<p>Po przerwie wr\u00f3\u0107 do rozwidlenia dr\u00f3g i wybierz szlak \u017c\u00f3\u0142ty, kt\u00f3ry prowadzi na Skalny St\u00f3\u0142. To najbardziej wymagaj\u0105ca cz\u0119\u015b\u0107 trasy, bo musisz si\u0119 wspi\u0105\u0107 na wysoko\u015b\u0107 1283 m. Nagrod\u0105 b\u0119dzie rozleg\u0142a panorama, rozci\u0105gaj\u0105ca si\u0119 z tutejszego punktu widokowego. Przy dobrej pogodzie zobaczysz m.in.: \u015anie\u017ck\u0119, R\u00f3wni\u0119 Pod \u015anie\u017ck\u0105, Karpacz, Pog\u00f3rze Karkonoskie oraz Kotlin\u0119 Jeleniog\u00f3rsk\u0105. To najwy\u017cszy punkt na trasie. Nast\u0119pny odcinek jest ju\u017c z g\u00f3rki, a trasa przebiega przez terytorium Republiki Czeskiej. Pod\u0105\u017caj\u0105c za niebieskimi oznaczeniami, dotrzesz do Sowiej Prze\u0142\u0119czy, gdzie znajduj\u0105 si\u0119 \u0142aweczki, wi\u0119c warto zaplanowa\u0107 przerw\u0119. Do Karpacza najlepiej jest wr\u00f3ci\u0107 czarnym szlakiem, kt\u00f3ry prowadzi Sowi\u0105 Dolin\u0105.<\/p>\n\n\n<p><center><iframe loading=\"lazy\" style=\"border:none\" src=\"https:\/\/pl.frame.mapy.cz\/s\/latekodejo\" width=\"816\" height=\"426\" frameborder=\"0\"><\/iframe><\/center><\/p>\n\n\n<figure class=\"wp-block-table is-style-stripes\"><table><tbody><tr><td class=\"has-text-align-center\" data-align=\"center\"><strong>D\u0142ugo\u015b\u0107 trasy<\/strong><\/td><td class=\"has-text-align-center\" data-align=\"center\">10,7 km<\/td><\/tr><tr><td class=\"has-text-align-center\" data-align=\"center\"><strong>Suma przewy\u017csze\u0144<\/strong><\/td><td class=\"has-text-align-center\" data-align=\"center\">639 m<\/td><\/tr><tr><td class=\"has-text-align-center\" data-align=\"center\"><strong>W\u0119dr\u00f3wka z psem<\/strong><\/td><td class=\"has-text-align-center\" data-align=\"center\">dozwolona<\/td><\/tr><\/tbody><\/table><\/figure>\n\n\n\n<p>Przeczytaj r\u00f3wnie\u017c:<\/p>\n\n\n\n<ul class=\"wp-block-list\">\n<li><a href=\"https:\/\/sportano.pl\/blog\/gdzie-w-bieszczady-najlepsze-szlaki-turystyczne-atrakcje-i-ciekawe-miejsca-dla-poczatkujacych-rodzin-z-dziecmi-oraz-aktywnych-turystow\/\" target=\"_blank\" rel=\"noreferrer noopener\">Gdzie w Bieszczady<\/a><\/li>\n\n\n\n<li><a href=\"https:\/\/sportano.pl\/blog\/szlaki-na-babia-gore-skad-najlepiej-wejsc-na-krolowa-beskidow\/\" target=\"_blank\" rel=\"noreferrer noopener\">Szlaki na Babi\u0105 G\u00f3r\u0119<\/a><\/li>\n\n\n\n<li><a href=\"https:\/\/sportano.pl\/blog\/ojcowski-park-narodowy-atrakcje-co-warto-zobaczyc\/\" target=\"_blank\" rel=\"noreferrer noopener\">Ojcowski Park Narodowy &#8211; atrakcje<\/a><\/li>\n<\/ul>\n<div id=\"synerise-rekomendacje\" class=\"synerise\"><\/div>","protected":false},"excerpt":{"rendered":"<p>Mi\u0142o\u015bnikom g\u00f3rskich w\u0119dr\u00f3wek Karpacz kojarzy si\u0119 ze \u015anie\u017ck\u0105, bo w\u0142a\u015bnie z tej miejscowo\u015bci najlepiej wyruszy\u0107, gdy chce si\u0119 zdoby\u0107 najwy\u017cszy szczyt Sudet\u00f3w. Jednak nie ka\u017cdy ma tyle si\u0142 lub wystarczaj\u0105ce do\u015bwiadczenie, \u017ceby od razu mierzy\u0107 si\u0119 z Kr\u00f3low\u0105 Karkonoszy. Planujesz odwiedzi\u0107 Karpacz z dzieckiem? Szlaki, kt\u00f3re tu przedstawiamy, powinny spodoba\u0107 si\u0119 najm\u0142odszym i &#8211; co [&hellip;]<\/p>\n","protected":false},"author":17,"featured_media":10697,"comment_status":"closed","ping_status":"closed","sticky":false,"template":"","format":"standard","meta":{"_acf_changed":false,"footnotes":""},"categories":[11],"tags":[],"class_list":["post-10681","post","type-post","status-publish","format-standard","has-post-thumbnail","hentry","category-turystyka"],"acf":[],"yoast_head":"<!-- This site is optimized with the Yoast SEO plugin v27.1.1 - https:\/\/yoast.com\/product\/yoast-seo-wordpress\/ -->\n<title>Karpacz szlaki turystyczne: 5 \u0142atwych szlak\u00f3w dla pocz\u0105tkuj\u0105cych - Blog Sportano.pl<\/title>\n<meta name=\"description\" content=\"Szukasz \u0142atwych szlak\u00f3w w Karpaczu? Poznaj 5 tras turystycznych idealnych dla pocz\u0105tkuj\u0105cych i zaplanuj wycieczk\u0119 w Karkonoszach.\" \/>\n<meta name=\"robots\" content=\"index, follow, max-snippet:-1, max-image-preview:large, max-video-preview:-1\" \/>\n<link rel=\"canonical\" href=\"https:\/\/sportano.pl\/blog\/karpacz-szlaki-turystyczne-5-latwych-szlakow-dla-poczatkujacych\/\" \/>\n<meta property=\"og:locale\" content=\"pl_PL\" \/>\n<meta property=\"og:type\" content=\"article\" \/>\n<meta property=\"og:title\" content=\"Karpacz szlaki turystyczne: 5 \u0142atwych szlak\u00f3w dla pocz\u0105tkuj\u0105cych - Blog Sportano.pl\" \/>\n<meta property=\"og:description\" content=\"Szukasz \u0142atwych szlak\u00f3w w Karpaczu? Poznaj 5 tras turystycznych idealnych dla pocz\u0105tkuj\u0105cych i zaplanuj wycieczk\u0119 w Karkonoszach.\" \/>\n<meta property=\"og:url\" content=\"https:\/\/sportano.pl\/blog\/karpacz-szlaki-turystyczne-5-latwych-szlakow-dla-poczatkujacych\/\" \/>\n<meta property=\"article:published_time\" content=\"2024-06-05T05:32:26+00:00\" \/>\n<meta property=\"article:modified_time\" content=\"2026-04-21T13:07:52+00:00\" \/>\n<meta property=\"og:image\" content=\"http:\/\/sportano.pl\/blog\/wp-content\/uploads\/2024\/06\/karpacz-szlaki-turystyczne-5-latwych-szlakow-dla-poczatkujacych.jpg\" \/>\n\t<meta property=\"og:image:width\" content=\"816\" \/>\n\t<meta property=\"og:image:height\" content=\"426\" \/>\n\t<meta property=\"og:image:type\" content=\"image\/jpeg\" \/>\n<meta name=\"author\" content=\"Rafa\u0142 Czarnecki\" \/>\n<meta name=\"twitter:card\" content=\"summary_large_image\" \/>\n<meta name=\"twitter:label1\" content=\"Napisane przez\" \/>\n\t<meta name=\"twitter:data1\" content=\"Rafa\u0142 Czarnecki\" \/>\n\t<meta name=\"twitter:label2\" content=\"Szacowany czas czytania\" \/>\n\t<meta name=\"twitter:data2\" content=\"10 minut\" \/>\n<!-- \/ Yoast SEO plugin. -->","yoast_head_json":{"title":"Karpacz szlaki turystyczne: 5 \u0142atwych szlak\u00f3w dla pocz\u0105tkuj\u0105cych - Blog Sportano.pl","description":"Szukasz \u0142atwych szlak\u00f3w w Karpaczu? Poznaj 5 tras turystycznych idealnych dla pocz\u0105tkuj\u0105cych i zaplanuj wycieczk\u0119 w Karkonoszach.","robots":{"index":"index","follow":"follow","max-snippet":"max-snippet:-1","max-image-preview":"max-image-preview:large","max-video-preview":"max-video-preview:-1"},"canonical":"https:\/\/sportano.pl\/blog\/karpacz-szlaki-turystyczne-5-latwych-szlakow-dla-poczatkujacych\/","og_locale":"pl_PL","og_type":"article","og_title":"Karpacz szlaki turystyczne: 5 \u0142atwych szlak\u00f3w dla pocz\u0105tkuj\u0105cych - Blog Sportano.pl","og_description":"Szukasz \u0142atwych szlak\u00f3w w Karpaczu? Poznaj 5 tras turystycznych idealnych dla pocz\u0105tkuj\u0105cych i zaplanuj wycieczk\u0119 w Karkonoszach.","og_url":"https:\/\/sportano.pl\/blog\/karpacz-szlaki-turystyczne-5-latwych-szlakow-dla-poczatkujacych\/","article_published_time":"2024-06-05T05:32:26+00:00","article_modified_time":"2026-04-21T13:07:52+00:00","og_image":[{"width":816,"height":426,"url":"http:\/\/sportano.pl\/blog\/wp-content\/uploads\/2024\/06\/karpacz-szlaki-turystyczne-5-latwych-szlakow-dla-poczatkujacych.jpg","type":"image\/jpeg"}],"author":"Rafa\u0142 Czarnecki","twitter_card":"summary_large_image","twitter_misc":{"Napisane przez":"Rafa\u0142 Czarnecki","Szacowany czas czytania":"10 minut"},"schema":{"@context":"https:\/\/schema.org","@graph":[{"@type":"Article","@id":"https:\/\/sportano.pl\/blog\/karpacz-szlaki-turystyczne-5-latwych-szlakow-dla-poczatkujacych\/#article","isPartOf":{"@id":"https:\/\/sportano.pl\/blog\/karpacz-szlaki-turystyczne-5-latwych-szlakow-dla-poczatkujacych\/"},"author":{"name":"Rafa\u0142 Czarnecki","@id":"https:\/\/sportano.pl\/blog\/#\/schema\/person\/205526173402e53785122b26c7411ccc"},"headline":"Karpacz szlaki turystyczne: 5 \u0142atwych szlak\u00f3w dla pocz\u0105tkuj\u0105cych","datePublished":"2024-06-05T05:32:26+00:00","dateModified":"2026-04-21T13:07:52+00:00","mainEntityOfPage":{"@id":"https:\/\/sportano.pl\/blog\/karpacz-szlaki-turystyczne-5-latwych-szlakow-dla-poczatkujacych\/"},"wordCount":1825,"publisher":{"@id":"https:\/\/sportano.pl\/blog\/#organization"},"image":{"@id":"https:\/\/sportano.pl\/blog\/karpacz-szlaki-turystyczne-5-latwych-szlakow-dla-poczatkujacych\/#primaryimage"},"thumbnailUrl":"https:\/\/sportano.pl\/blog\/wp-content\/uploads\/2024\/06\/karpacz-szlaki-turystyczne-5-latwych-szlakow-dla-poczatkujacych.jpg","articleSection":["Wszystko o turystyce"],"inLanguage":"pl-PL"},{"@type":"WebPage","@id":"https:\/\/sportano.pl\/blog\/karpacz-szlaki-turystyczne-5-latwych-szlakow-dla-poczatkujacych\/","url":"https:\/\/sportano.pl\/blog\/karpacz-szlaki-turystyczne-5-latwych-szlakow-dla-poczatkujacych\/","name":"Karpacz szlaki turystyczne: 5 \u0142atwych szlak\u00f3w dla pocz\u0105tkuj\u0105cych - Blog Sportano.pl","isPartOf":{"@id":"https:\/\/sportano.pl\/blog\/#website"},"primaryImageOfPage":{"@id":"https:\/\/sportano.pl\/blog\/karpacz-szlaki-turystyczne-5-latwych-szlakow-dla-poczatkujacych\/#primaryimage"},"image":{"@id":"https:\/\/sportano.pl\/blog\/karpacz-szlaki-turystyczne-5-latwych-szlakow-dla-poczatkujacych\/#primaryimage"},"thumbnailUrl":"https:\/\/sportano.pl\/blog\/wp-content\/uploads\/2024\/06\/karpacz-szlaki-turystyczne-5-latwych-szlakow-dla-poczatkujacych.jpg","datePublished":"2024-06-05T05:32:26+00:00","dateModified":"2026-04-21T13:07:52+00:00","description":"Szukasz \u0142atwych szlak\u00f3w w Karpaczu? Poznaj 5 tras turystycznych idealnych dla pocz\u0105tkuj\u0105cych i zaplanuj wycieczk\u0119 w Karkonoszach.","breadcrumb":{"@id":"https:\/\/sportano.pl\/blog\/karpacz-szlaki-turystyczne-5-latwych-szlakow-dla-poczatkujacych\/#breadcrumb"},"inLanguage":"pl-PL","potentialAction":[{"@type":"ReadAction","target":["https:\/\/sportano.pl\/blog\/karpacz-szlaki-turystyczne-5-latwych-szlakow-dla-poczatkujacych\/"]}]},{"@type":"ImageObject","inLanguage":"pl-PL","@id":"https:\/\/sportano.pl\/blog\/karpacz-szlaki-turystyczne-5-latwych-szlakow-dla-poczatkujacych\/#primaryimage","url":"https:\/\/sportano.pl\/blog\/wp-content\/uploads\/2024\/06\/karpacz-szlaki-turystyczne-5-latwych-szlakow-dla-poczatkujacych.jpg","contentUrl":"https:\/\/sportano.pl\/blog\/wp-content\/uploads\/2024\/06\/karpacz-szlaki-turystyczne-5-latwych-szlakow-dla-poczatkujacych.jpg","width":816,"height":426,"caption":"Schronisko Samotnia w Karkonoszach"},{"@type":"BreadcrumbList","@id":"https:\/\/sportano.pl\/blog\/karpacz-szlaki-turystyczne-5-latwych-szlakow-dla-poczatkujacych\/#breadcrumb","itemListElement":[{"@type":"ListItem","position":1,"name":"Strona g\u0142\u00f3wna","item":"https:\/\/sportano.pl\/blog\/"},{"@type":"ListItem","position":2,"name":"Karpacz szlaki turystyczne: 5 \u0142atwych szlak\u00f3w dla pocz\u0105tkuj\u0105cych"}]},{"@type":"WebSite","@id":"https:\/\/sportano.pl\/blog\/#website","url":"https:\/\/sportano.pl\/blog\/","name":"","description":"","publisher":{"@id":"https:\/\/sportano.pl\/blog\/#organization"},"potentialAction":[{"@type":"SearchAction","target":{"@type":"EntryPoint","urlTemplate":"https:\/\/sportano.pl\/blog\/?s={search_term_string}"},"query-input":{"@type":"PropertyValueSpecification","valueRequired":true,"valueName":"search_term_string"}}],"inLanguage":"pl-PL"},{"@type":"Organization","@id":"https:\/\/sportano.pl\/blog\/#organization","name":"Sportano.pl","url":"https:\/\/sportano.pl\/blog\/","logo":{"@type":"ImageObject","inLanguage":"pl-PL","@id":"https:\/\/sportano.pl\/blog\/#\/schema\/logo\/image\/","url":"http:\/\/sportano.pl\/blog\/wp-content\/uploads\/2022\/04\/sportano-blog-logo.png","contentUrl":"http:\/\/sportano.pl\/blog\/wp-content\/uploads\/2022\/04\/sportano-blog-logo.png","width":1200,"height":200,"caption":"Sportano.pl"},"image":{"@id":"https:\/\/sportano.pl\/blog\/#\/schema\/logo\/image\/"}},{"@type":"Person","@id":"https:\/\/sportano.pl\/blog\/#\/schema\/person\/205526173402e53785122b26c7411ccc","name":"Rafa\u0142 Czarnecki","image":{"@type":"ImageObject","inLanguage":"pl-PL","@id":"https:\/\/sportano.pl\/blog\/#\/schema\/person\/image\/","url":"https:\/\/secure.gravatar.com\/avatar\/e5e5016f813b1f280ca72c390036e02bfba2333de020dcfdccdb8a72e3cbe898?s=96&d=mm&r=g","contentUrl":"https:\/\/secure.gravatar.com\/avatar\/e5e5016f813b1f280ca72c390036e02bfba2333de020dcfdccdb8a72e3cbe898?s=96&d=mm&r=g","caption":"Rafa\u0142 Czarnecki"}}]}},"_links":{"self":[{"href":"https:\/\/sportano.pl\/blog\/wp-json\/wp\/v2\/posts\/10681","targetHints":{"allow":["GET"]}}],"collection":[{"href":"https:\/\/sportano.pl\/blog\/wp-json\/wp\/v2\/posts"}],"about":[{"href":"https:\/\/sportano.pl\/blog\/wp-json\/wp\/v2\/types\/post"}],"author":[{"embeddable":true,"href":"https:\/\/sportano.pl\/blog\/wp-json\/wp\/v2\/users\/17"}],"replies":[{"embeddable":true,"href":"https:\/\/sportano.pl\/blog\/wp-json\/wp\/v2\/comments?post=10681"}],"version-history":[{"count":19,"href":"https:\/\/sportano.pl\/blog\/wp-json\/wp\/v2\/posts\/10681\/revisions"}],"predecessor-version":[{"id":32781,"href":"https:\/\/sportano.pl\/blog\/wp-json\/wp\/v2\/posts\/10681\/revisions\/32781"}],"wp:featuredmedia":[{"embeddable":true,"href":"https:\/\/sportano.pl\/blog\/wp-json\/wp\/v2\/media\/10697"}],"wp:attachment":[{"href":"https:\/\/sportano.pl\/blog\/wp-json\/wp\/v2\/media?parent=10681"}],"wp:term":[{"taxonomy":"category","embeddable":true,"href":"https:\/\/sportano.pl\/blog\/wp-json\/wp\/v2\/categories?post=10681"},{"taxonomy":"post_tag","embeddable":true,"href":"https:\/\/sportano.pl\/blog\/wp-json\/wp\/v2\/tags?post=10681"}],"curies":[{"name":"wp","href":"https:\/\/api.w.org\/{rel}","templated":true}]}}