{"id":1489,"date":"2022-11-07T14:56:35","date_gmt":"2022-11-07T14:56:35","guid":{"rendered":"https:\/\/sportano.pl\/blog\/kubek-w-gory-jaki-wybrac-najlepsze-kubki-termiczne-i-turystyczne-w-gory\/"},"modified":"2025-07-11T08:17:26","modified_gmt":"2025-07-11T08:17:26","slug":"kubek-w-gory-jaki-wybrac-najlepsze-kubki-termiczne-i-turystyczne-w-gory","status":"publish","type":"post","link":"https:\/\/sportano.pl\/blog\/kubek-w-gory-jaki-wybrac-najlepsze-kubki-termiczne-i-turystyczne-w-gory\/","title":{"rendered":"Kubek w g\u00f3ry \u2013 jaki wybra\u0107? Najlepsze kubki termiczne i turystyczne w g\u00f3ry"},"content":{"rendered":"<p style=\"text-align: start;\"><strong>Kubek termiczny pozwala cieszy\u0107 si\u0119 gor\u0105c\u0105 kaw\u0105 czy herbat\u0105 w trakcie g\u00f3rskiej wyprawy. Z kolei kubek turystyczny sprawdzi si\u0119 na biwaku do podgrzania wody czy zupy. Nie wiesz, kt\u00f3ry kubek w g\u00f3ry wybra\u0107? Podpowiemy Ci, czym r\u00f3\u017cni si\u0119 kubek termiczny od termosu i kubka turystycznego oraz na co zwr\u00f3ci\u0107 uwag\u0119 przy zakupie tego typu naczynia, aby wybra\u0107 dobry kubek w g\u00f3ry.<\/strong><\/p>\n<h2>Kubek w g\u00f3ry &#8211; dlaczego warto zabra\u0107 do na wypraw\u0119 g\u00f3rsk\u0105?<\/h2>\n<p><a href=\"https:\/\/sportano.pl\/kuchnia-i-camping\/kubki\" target=\"_blank\" rel=\"noopener\">Kubek termiczny<\/a> to naczynie wyposa\u017cone w podw\u00f3jne \u015bcianki ze stali i znajduj\u0105c\u0105 si\u0119 mi\u0119dzy nimi izolacj\u0119 pr\u00f3\u017cniow\u0105. Przez to jest w stanie utrzyma\u0107 nale\u017cyt\u0105 temperatur\u0119 zar\u00f3wno wysok\u0105, jak i nisk\u0105 napoju jak najd\u0142u\u017cej (nie oddaje do zewn\u0105trz temperatury napoju). Taki kubek w g\u00f3ry pozwoli cieszy\u0107 si\u0119 gor\u0105c\u0105 kaw\u0105, herbat\u0105 czy yerba mate w jesienno-zimowym okresie, jak i przenosi\u0107 wod\u0119 z lodem, mro\u017con\u0105 kaw\u0119, lemoniad\u0119 czy izotonik w trakcie letnich w\u0119dr\u00f3wek szlakami turystycznymi.<\/p>\n<p>Na rynku dost\u0119pne s\u0105 modele o r\u00f3\u017cnej pojemno\u015bci \u2013 zwykle od 250 ml do 750 ml. Dzi\u0119ki temu bez problemu dobierzesz produkt do swoich potrzeb. Naczynie posiada te\u017c szczelne zamkni\u0119cie, przez co mo\u017cna je przenosi\u0107 w torbie czy <a href=\"https:\/\/sportano.pl\/plecaki-i-torby-turystyczne\/plecaki-trekkingowe-i-turystyczne\">plecaku trekkingowym<\/a> bez obaw o rozlanie. Niekt\u00f3re modele s\u0105 wyposa\u017cone w specjalny uchwyt, kt\u00f3ry pozwala przytroczy\u0107 kubek do plecaka i mie\u0107 go w zasi\u0119gu r\u0119ki.<\/p>\n<p><img loading=\"lazy\" decoding=\"async\" class=\"attachment-large alignnone\" src=\"http:\/\/sportano.pl\/blog\/wp-content\/uploads\/2022\/11\/gdi-63691ca381d25.png\" alt=\"Kask, bidony i gogle le\u017c\u0105 na snowboardzie w zimowym krajobrazie\" width=\"816\" height=\"426\" \/><\/p>\n<p>Kubek termiczny sprawdzi si\u0119 nie tylko w g\u00f3rach, na kempingu czy podczas wyjazdu na <a href=\"https:\/\/sportano.pl\/narciarstwo\/narty\">narty<\/a> lub snowboard, ale r\u00f3wnie\u017c w codziennym u\u017cytku. Przyda si\u0119 w podr\u00f3\u017cy samochodem, w trakcie jazdy komunikacj\u0105 miejsk\u0105, podczas spaceru po mie\u015bcie, na wycieczce rowerowej w ch\u0142odne dni lub w trakcie w\u0119dkowania.<\/p>\n<p>Mo\u017cesz go u\u017cywa\u0107 w biurze lub na uczelni do utrzymania temperatury kawy czy herbaty, gdy w nat\u0142oku pracy nie b\u0119dziesz mie\u0107 czasu jej wypi\u0107. B\u0119dzie te\u017c \u015bwietnym rozwi\u0105zaniem, gdy chcesz zapewni\u0107 dziecku gor\u0105cy nap\u00f3j do \u015bniadania w szkole, itp. Co wi\u0119cej, z w\u0142asnym kubkiem mo\u017cesz w niekt\u00f3rych miejscach dosta\u0107 ta\u0144sz\u0105 kaw\u0119 lub herbat\u0119, a tym samym przyczyni\u0107 si\u0119 do zmniejszenia wykorzystania plastiku.<\/p>\n\n\n\n\n\n<h2>Kubek termiczny a kubek turystyczny \u2013 czym si\u0119 r\u00f3\u017cni\u0105?<\/h2>\n<p>Podstawowa r\u00f3\u017cnica wynika z zastosowania. Kubek termiczny ma za zadanie utrzyma\u0107 sta\u0142\u0105 temperatur\u0119 p\u0142ynu przez d\u0142ugi czas i umo\u017cliwi\u0107 wygodne wypicie ulubionego napoju w dowolnych warunkach. Wyposa\u017cony jest w szczeln\u0105 pokryw\u0119 i ustnik zwi\u0119kszaj\u0105cy komfort picia.<\/p>\n<p>W przypadku kubka turystycznego mo\u017cesz przygotowa\u0107 sobie gor\u0105c\u0105 herbat\u0119, kaw\u0119 czy zup\u0119, bo nadaje si\u0119 on do gotowania na turystycznej kuchence gazowej. St\u0105d najlepiej sprawdzi si\u0119 podczas biwaku. Mo\u017ce posiada\u0107 pokrywk\u0119 ze szczelnym zamkni\u0119ciem, kt\u00f3ra dodatkowo wyd\u0142u\u017ca czas, w kt\u00f3rym nap\u00f3j utrzymuje sta\u0142\u0105 temperatur\u0119. W przeciwie\u0144stwie do kubka termicznego pozwala napi\u0107 si\u0119 z niego napoj\u00f3w gazowanych. Nalanie ich do kubka termicznego mo\u017ce spowodowa\u0107 jego rozszczelnienie.<\/p>\n<p><img loading=\"lazy\" decoding=\"async\" class=\"attachment-large alignnone\" src=\"http:\/\/sportano.pl\/blog\/wp-content\/uploads\/2022\/11\/gdi-63691ca5925a1.png\" alt=\"M\u0119\u017cczyzna nalewa dziecku nap\u00f3j z termosu do kubka na \u015bwie\u017cym powietrzu\" width=\"816\" height=\"426\" \/><\/p>\n<h2>Kubek termiczny a termos<\/h2>\n<p style=\"text-align: start;\">Niekt\u00f3rzy uwa\u017caj\u0105, \u017ce kubek termiczny i termos s\u0105 tym samym naczyniem, co nie jest prawd\u0105. Owszem, w obu mamy podw\u00f3jn\u0105 \u015bciank\u0119 z warstw\u0105 termoizolacyjn\u0105, dzi\u0119ki czemu utrzymuj\u0105 nisk\u0105 lub wysok\u0105 temperatur\u0119 napoju. Jednak termos ma wi\u0119kszy litra\u017c ni\u017c kubek termiczny. Zwykle pomie\u015bci 1-1,5 l napoju, podczas gdy kubki maj\u0105 pojemno\u015b\u0107 nie wi\u0119ksz\u0105 ni\u017c 750 ml. Mniejsze rozmiary sprawiaj\u0105, \u017ce kubki termiczne s\u0105 por\u0119czniejsze i wygodniejsze w transporcie. Dodatkowo kubek termiczny posiada dedykowany ustnik, dzi\u0119ki kt\u00f3remu \u0142atwo i wygodnie mo\u017cna wypija\u0107 zawarto\u015b\u0107 bezpo\u015brednio naczynia oraz blokad\u0119, kt\u00f3ra zabezpiecza przed przypadkowym rozlaniem napoju.<\/p>\n<p style=\"text-align: start;\">W przypadku termosu mamy zamkni\u0119cie w postaci korka (niekiedy posiada opcj\u0119 regulowania wielko\u015bci strumienia napoju) oraz nakr\u0119tki, z kt\u00f3rej mo\u017cna napi\u0107 si\u0119 kawy, herbaty czy zupy. Ponadto termos mo\u017ce posiada\u0107 szklan\u0105 wk\u0142adk\u0119. To znacznie zwi\u0119ksza jego wag\u0119. Przez to jest mniej komfortowy podczas d\u0142ugich i wymagaj\u0105cych g\u00f3rskich eskapad. Z drugiej strony, pozwala przygotowa\u0107 nap\u00f3j dla kilku os\u00f3b, dlatego lepiej sprawdzi si\u0119 na rodzinne wyprawy.<\/p>\n<p><\/p>\n<h2 style=\"text-align: start;\">Dobry kubek w g\u00f3ry, czyli jaki? Najwa\u017cniejsze cechy<\/h2>\n<p style=\"text-align: start;\">Zanim wybierzesz konkretny kubek w g\u00f3ry, zastan\u00f3w si\u0119, do czego i kiedy b\u0119dziesz go u\u017cywa\u0107. To prze\u0142o\u017cy si\u0119 m.in.: na pojemno\u015b\u0107 naczynia. Przy zakupie kubka termicznego we\u017a pod uwag\u0119 r\u00f3wnie\u017c takie kwestie, jak:<\/p>\n<ul>\n<li style=\"text-align: start;\">materia\u0142, z kt\u00f3rego zosta\u0142 wykonany,<\/li>\n<li style=\"text-align: start;\">szczelno\u015b\u0107,<\/li>\n<li style=\"text-align: start;\">rodzaj zamkni\u0119cia,<\/li>\n<li style=\"text-align: start;\">to, jak d\u0142ugo utrzyma interesuj\u0105ca ci\u0119 temperatur\u0119 napoju.<\/li>\n<\/ul>\n<p><img loading=\"lazy\" decoding=\"async\" class=\"attachment-large alignnone\" src=\"http:\/\/sportano.pl\/blog\/wp-content\/uploads\/2022\/11\/gdi-63691ca73cca9.png\" alt=\"M\u0119\u017cczyzna pije z termosu podczas wycieczki w lesie\" width=\"816\" height=\"426\" \/><\/p>\n<h3>Pojemno\u015b\u0107<\/h3>\n<p>Pojemno\u015b\u0107 kubka termicznego powinna zale\u017ce\u0107 od tego:<\/p>\n<ul>\n<li>gdzie i na jak d\u0142ugo si\u0119 wybierasz,<\/li>\n<li>w jakich ilo\u015bciach potrzebujesz ulubionego napoju.\u00a0<\/li>\n<\/ul>\n<p>Mniejsze wersje 250-300 ml sprawdz\u0105 si\u0119 na kr\u00f3tkie spacery. Kubki termiczne o pojemno\u015bci 300-400 ml warto zabra\u0107 na kilkugodzinn\u0105 wypraw\u0119 w g\u00f3ry. Wi\u0119ksze modele 500-750 ml b\u0119d\u0105 odpowiednie na ca\u0142odniowe wycieczki, gdy potrzebujesz wi\u0119cej ni\u017c jednej porcji herbaty lub kawy.<\/p>\n<h3>Materia\u0142<\/h3>\n<p style=\"text-align: start;\">Kubki termiczne produkowane s\u0105 z plastiku, ze stali nierdzewnej czy szk\u0142a (najcz\u0119\u015bciej przeznaczony do kawy). Postaw na model ze stali nierdzewnej, poniewa\u017c najd\u0142u\u017cej trzyma ciep\u0142o. Wybieraj kubki termiczne produkowane z materia\u0142\u00f3w nie zawieraj\u0105cych zwi\u0105zk\u00f3w\u00a0BPA, czyli szkodliwej dla zdrowia substancji chemicznej Bisfenol A. Unikaj te\u017c produkt\u00f3w metalowo-plastikowych, poniewa\u017c cz\u0119sto p\u0119kaj\u0105 na z\u0142\u0105czach materia\u0142\u00f3w.<\/p>\n<h3>Szczelno\u015b\u0107<\/h3>\n<p>Ci\u0119\u017cko j\u0105 oceni\u0107 na pierwszy rzut oka. Jednak s\u0105 pewne elementy daj\u0105ce pewno\u015b\u0107, \u017ce wybierzesz model, kt\u00f3ry nie b\u0119dzie przecieka\u0107, np. gumowe uszczelki i silikonowa zasuwka oraz blokada zabezpieczaj\u0105ca przed przypadkowym otwarciem. Dobrym rozwi\u0105zaniem b\u0119dzie np. dwustopniowy system blokowania przed rozlaniem.<\/p>\n<h3>Trzymanie ciep\u0142a<\/h3>\n<p style=\"text-align: start;\">Kubek termiczny jesieni\u0105 i zim\u0105 pozwala utrzyma\u0107 ciep\u0142o napoju przez ok. 6 h. Najbardziej zaawansowane modele oferuj\u0105 nawet kilkunastogodzinne trzymanie sta\u0142ej temperatury. Mo\u017cesz te\u017c czas utrzymania ciep\u0142a wyd\u0142u\u017cy\u0107 zalewaj\u0105c kubek gor\u0105c\u0105 wod\u0105 (na ok. 5 minut) przed wlaniem kawy lub herbaty.<\/p>\n<p style=\"text-align: start;\">Latem kubek termiczny to spos\u00f3b na orze\u017awienie za spraw\u0105 mro\u017conej herbaty czy lemoniady z lodem. Zwykle nap\u00f3j przechowywany w tego typu naczyniu utrzymuje nisk\u0105 temperatur\u0119 przez co najmniej 12 godzin. Dobry kubek termiczny pozostanie ca\u0142y czas ch\u0142odny, zw\u0142aszcza dotyczy to uchwytu, pokrywki czy ustnika, nawet gdy w jego wn\u0119trzu znajduje si\u0119 gor\u0105cy nap\u00f3j. To potwierdza, \u017ce naczynie odpowiednio izoluje ciep\u0142o.<\/p>\n<h3>Rodzaj zako\u0144czenia<\/h3>\n<p style=\"text-align: start;\">Kubek termiczny mo\u017ce posiada\u0107 ustnik lub zakr\u0119can\u0105 pokrywk\u0119 z otworem do picia zamykanym przyciskiem i z oznaczeniem kolorami, czy wieczko jest zamkni\u0119te czy nie. Popularne dzi\u00f3bki wykonane s\u0105 np. z silikonu lub tworzywa PP. Pozwalaj\u0105 bezpo\u015brednio i komfortowo pi\u0107 kaw\u0119 czy herbat\u0119 prosto z kubka i zmniejszaj\u0105 ryzyko oparzenia si\u0119 gor\u0105cym napojem. Zwr\u00f3\u0107 uwag\u0119 na mo\u017cliwo\u015b\u0107 obs\u0142ugiwania zamkni\u0119cia jedn\u0105 r\u0119k\u0105 (Click-Close). To funkcjonalne rozwi\u0105zanie na czas jazdy samochodem, jak r\u00f3wnie\u017c zim\u0105, gdy b\u0119dziesz mie\u0107 za\u0142o\u017cone r\u0119kawiczki.<\/p>\n<div class=\"yt-oembed\"><p><iframe loading=\"lazy\" title=\"Kambukka Thermal Drinkware - Etna Coffee Mug\" width=\"500\" height=\"281\" src=\"https:\/\/www.youtube.com\/embed\/j-7Xf2t3fFk?feature=oembed\" frameborder=\"0\" allow=\"accelerometer; autoplay; clipboard-write; encrypted-media; gyroscope; picture-in-picture; web-share\" referrerpolicy=\"strict-origin-when-cross-origin\" allowfullscreen><\/iframe><\/p><\/div>\n<h3>Budowa<\/h3>\n<p style=\"text-align: start;\">Na rynku kubki termiczne o r\u00f3\u017cnych kszta\u0142tach i wzorach. Od przypominaj\u0105cy klasyczny kubek z uszkiem przez wygl\u0105daj\u0105ce jak bidon po takie maj\u0105ce form\u0119 butelki. Je\u015bli du\u017co podr\u00f3\u017cujesz np. samochodem, postaw na kubek termiczny ze zw\u0119\u017canym do\u0142em. Dzi\u0119ki takiemu kszta\u0142towi dobrze trzyma si\u0119 w d\u0142oni i \u0142atwo zmie\u015bci si\u0119 w uchwycie samochodowym.<\/p>\n<p style=\"text-align: start;\">Warto wybra\u0107 model z antypo\u015blizgowym spodem oraz ergonomiczn\u0105, antypo\u015blizgow\u0105 r\u0105czk\u0105 lub pokryty matowym lakierem o strukturze gwarantuj\u0105cej pewny chwyt. Upewnij si\u0119, czy kubek termiczny sk\u0142ada si\u0119 z \u0142atwych do mycia cz\u0119\u015bci (korek i nakr\u0119tka), zw\u0142aszcza je\u015bli jeste\u015b fanem kawy z mlekiem oraz czy mo\u017cna go my\u0107 w zmywarce.<\/p>\n<p><\/p>\n<h2>Kubek w g\u00f3ry z pokrywk\u0105 czy bez?<\/h2>\n<p>Obok kubka termicznego, na g\u00f3rskie wycieczki, biwak czy trekking przyda si\u0119 kubek turystyczny. S\u0142u\u017cy on nie tylko do picia napoju, ale r\u00f3wnie\u017c zagotowania wody czy przygotowania ciep\u0142ego posi\u0142ku. Kubek turystyczny z pokrywk\u0105 jest praktycznym wyborem, gdy potrzebujesz przenie\u015b\u0107 nap\u00f3j z jednego miejsca w inne, a nie chcesz rozla\u0107 zawarto\u015bci. Przyda si\u0119 r\u00f3wnie\u017c wtedy, gdy zale\u017cy ci na tym, aby kawa, herbata lub zupa d\u0142u\u017cej utrzyma\u0142a ciep\u0142o.<\/p>\n<p style=\"text-align: start;\">Na co jeszcze zwr\u00f3ci\u0107 uwag\u0119 przy zakupie ubka turystycznego?<\/p>\n<ul class=\"parent-of-p\">\n<li>\n<p style=\"text-align: start;\">materia\u0142 \u2013 najlepszym wyborem b\u0119dzie stal nierdzewna, aluminium lub tytanu (sprawdzi si\u0119 w ekstremalnych warunkach);<\/p>\n<\/li>\n<\/ul>\n<ul class=\"parent-of-p\">\n<li>\n<p style=\"text-align: start;\">pojemno\u015b\u0107 \u2013 b\u0119dzie zale\u017ce\u0107 od przeznaczenia. Je\u015bli opr\u00f3cz herbaty czy zupki instant chcesz nim gotowa\u0107 np. \u017cywno\u015b\u0107 liofilizowan\u0105, wybierz model o pojemno\u015bci 400-500 ml;<\/p>\n<\/li>\n<\/ul>\n<ul class=\"parent-of-p\">\n<li>\n<p style=\"text-align: start;\">kszta\u0142t \u2013 zwykle kubki turystyczne maj\u0105 prosty kszta\u0142t z opcj\u0105 sk\u0142adania np. r\u0105czki. To jest \u015bwietne rozwi\u0105zanie pozwalaj\u0105ce zachowa\u0107 miejsce w plecaku.<\/p>\n<\/li>\n<\/ul>\n<p style=\"text-align: start;\"><img loading=\"lazy\" decoding=\"async\" class=\"alignnone wp-image-1493 size-full\" src=\"http:\/\/sportano.pl\/blog\/wp-content\/uploads\/2022\/11\/gdi-63691ca8381a6.png\" alt=\"Metalowy kubek stoi na drewnianym stole obok pal\u0105cego si\u0119 ogniska\" width=\"816\" height=\"426\" srcset=\"https:\/\/sportano.pl\/blog\/wp-content\/uploads\/2022\/11\/gdi-63691ca8381a6.png 816w, https:\/\/sportano.pl\/blog\/wp-content\/uploads\/2022\/11\/gdi-63691ca8381a6-300x157.png 300w, https:\/\/sportano.pl\/blog\/wp-content\/uploads\/2022\/11\/gdi-63691ca8381a6-768x401.png 768w, https:\/\/sportano.pl\/blog\/wp-content\/uploads\/2022\/11\/gdi-63691ca8381a6-100x52.png 100w\" sizes=\"auto, (max-width: 816px) 100vw, 816px\" \/><\/p>\n<h2>Najlepszy kubek w g\u00f3ry &#8211; kubki termiczne i turystyczne na Sportano.pl<\/h2>\n<p>Wybieraj\u0105c <strong>dobry <\/strong><strong>kubek termiczny,<\/strong> warto postawi\u0107 na produkt od renomowanej firmy a nie tani odpowiednik z marketu. Dlaczego? Ten ostatni najcz\u0119\u015bciej nie trzyma tak d\u0142ugo ciep\u0142a. Zwykle jest on te\u017c mniej szczelny i wykonany z niskiej jako\u015bci plastiku przez co pij\u0105c ulubiony nap\u00f3j mo\u017cna czu\u0107 nieprzyjemny zapach. Dodatkowo jego trwa\u0142o\u015b\u0107 jest mniejsza ni\u017c w przypadku sprawdzonym kubk\u00f3w termicznych ze stali nierdzewnej wyposa\u017conych w szczelne zamkni\u0119cie i mo\u017cliwo\u015b\u0107 \u0142atwego czyszczenia. R\u00f3wnie\u017c w przypadku <strong>kubka turystycznego<\/strong> nale\u017cy zwr\u00f3ci\u0107 uwag\u0119 na parametry i jako\u015b\u0107 wykonania. Na <a href=\"https:\/\/sportano.pl\/\" target=\"_blank\" rel=\"noopener\">Sportano.pl<\/a> znajdziesz wysokiej jako\u015bci kubki termiczne i turystyczne od sprawdzonych producent\u00f3w, takich jak: <strong>Kambukka, Tatonka, FOX International, Delphin <\/strong>czy<strong> RidgeMonkey<\/strong>.<\/p><div id=\"synerise-rekomendacje\" class=\"synerise\"><\/div>","protected":false},"excerpt":{"rendered":"<p>Kubek termiczny pozwala cieszy\u0107 si\u0119 gor\u0105c\u0105 kaw\u0105 czy herbat\u0105 w trakcie g\u00f3rskiej wyprawy. Z kolei kubek turystyczny sprawdzi si\u0119 na biwaku do podgrzania wody czy zupy. Nie wiesz, kt\u00f3ry kubek w g\u00f3ry wybra\u0107? Podpowiemy Ci, czym r\u00f3\u017cni si\u0119 kubek termiczny od termosu i kubka turystycznego oraz na co zwr\u00f3ci\u0107 uwag\u0119 przy zakupie tego typu naczynia, [&hellip;]<\/p>\n","protected":false},"author":7,"featured_media":1495,"comment_status":"closed","ping_status":"closed","sticky":false,"template":"","format":"standard","meta":{"_acf_changed":false,"footnotes":""},"categories":[11],"tags":[],"class_list":["post-1489","post","type-post","status-publish","format-standard","has-post-thumbnail","hentry","category-turystyka"],"acf":[],"yoast_head":"<!-- This site is optimized with the Yoast SEO plugin v27.1.1 - https:\/\/yoast.com\/product\/yoast-seo-wordpress\/ -->\n<title>Kubek w g\u00f3ry \u2013 jaki wybra\u0107? Najlepsze kubki termiczne i turystyczne w g\u00f3ry - Blog Sportano.pl<\/title>\n<meta name=\"description\" content=\"Kupuj\u0105c kubek w g\u00f3ry we\u017a pod uwag\u0119 materia\u0142 wykonania, szczelno\u015b\u0107, rodzaj zamkni\u0119cia i to, jak d\u0142ugo utrzyma odpowiedni\u0105 temperatur\u0119 napoju.\" \/>\n<meta name=\"robots\" content=\"index, follow, max-snippet:-1, max-image-preview:large, max-video-preview:-1\" \/>\n<link rel=\"canonical\" href=\"https:\/\/sportano.pl\/blog\/kubek-w-gory-jaki-wybrac-najlepsze-kubki-termiczne-i-turystyczne-w-gory\/\" \/>\n<meta property=\"og:locale\" content=\"pl_PL\" \/>\n<meta property=\"og:type\" content=\"article\" \/>\n<meta property=\"og:title\" content=\"Kubek w g\u00f3ry \u2013 jaki wybra\u0107? Najlepsze kubki termiczne i turystyczne w g\u00f3ry - Blog Sportano.pl\" \/>\n<meta property=\"og:description\" content=\"Kupuj\u0105c kubek w g\u00f3ry we\u017a pod uwag\u0119 materia\u0142 wykonania, szczelno\u015b\u0107, rodzaj zamkni\u0119cia i to, jak d\u0142ugo utrzyma odpowiedni\u0105 temperatur\u0119 napoju.\" \/>\n<meta property=\"og:url\" content=\"https:\/\/sportano.pl\/blog\/kubek-w-gory-jaki-wybrac-najlepsze-kubki-termiczne-i-turystyczne-w-gory\/\" \/>\n<meta property=\"article:published_time\" content=\"2022-11-07T14:56:35+00:00\" \/>\n<meta property=\"article:modified_time\" content=\"2025-07-11T08:17:26+00:00\" \/>\n<meta property=\"og:image\" content=\"http:\/\/sportano.pl\/blog\/wp-content\/uploads\/2022\/11\/gdi-63691caa34ab7.png\" \/>\n\t<meta property=\"og:image:width\" content=\"816\" \/>\n\t<meta property=\"og:image:height\" content=\"426\" \/>\n\t<meta property=\"og:image:type\" content=\"image\/png\" \/>\n<meta name=\"author\" content=\"Sylwia Stwora-Petela\" \/>\n<meta name=\"twitter:card\" content=\"summary_large_image\" \/>\n<meta name=\"twitter:label1\" content=\"Napisane przez\" \/>\n\t<meta name=\"twitter:data1\" content=\"Sylwia Stwora-Petela\" \/>\n\t<meta name=\"twitter:label2\" content=\"Szacowany czas czytania\" \/>\n\t<meta name=\"twitter:data2\" content=\"10 minut\" \/>\n<!-- \/ Yoast SEO plugin. -->","yoast_head_json":{"title":"Kubek w g\u00f3ry \u2013 jaki wybra\u0107? Najlepsze kubki termiczne i turystyczne w g\u00f3ry - Blog Sportano.pl","description":"Kupuj\u0105c kubek w g\u00f3ry we\u017a pod uwag\u0119 materia\u0142 wykonania, szczelno\u015b\u0107, rodzaj zamkni\u0119cia i to, jak d\u0142ugo utrzyma odpowiedni\u0105 temperatur\u0119 napoju.","robots":{"index":"index","follow":"follow","max-snippet":"max-snippet:-1","max-image-preview":"max-image-preview:large","max-video-preview":"max-video-preview:-1"},"canonical":"https:\/\/sportano.pl\/blog\/kubek-w-gory-jaki-wybrac-najlepsze-kubki-termiczne-i-turystyczne-w-gory\/","og_locale":"pl_PL","og_type":"article","og_title":"Kubek w g\u00f3ry \u2013 jaki wybra\u0107? Najlepsze kubki termiczne i turystyczne w g\u00f3ry - Blog Sportano.pl","og_description":"Kupuj\u0105c kubek w g\u00f3ry we\u017a pod uwag\u0119 materia\u0142 wykonania, szczelno\u015b\u0107, rodzaj zamkni\u0119cia i to, jak d\u0142ugo utrzyma odpowiedni\u0105 temperatur\u0119 napoju.","og_url":"https:\/\/sportano.pl\/blog\/kubek-w-gory-jaki-wybrac-najlepsze-kubki-termiczne-i-turystyczne-w-gory\/","article_published_time":"2022-11-07T14:56:35+00:00","article_modified_time":"2025-07-11T08:17:26+00:00","og_image":[{"width":816,"height":426,"url":"http:\/\/sportano.pl\/blog\/wp-content\/uploads\/2022\/11\/gdi-63691caa34ab7.png","type":"image\/png"}],"author":"Sylwia Stwora-Petela","twitter_card":"summary_large_image","twitter_misc":{"Napisane przez":"Sylwia Stwora-Petela","Szacowany czas czytania":"10 minut"},"schema":{"@context":"https:\/\/schema.org","@graph":[{"@type":"Article","@id":"https:\/\/sportano.pl\/blog\/kubek-w-gory-jaki-wybrac-najlepsze-kubki-termiczne-i-turystyczne-w-gory\/#article","isPartOf":{"@id":"https:\/\/sportano.pl\/blog\/kubek-w-gory-jaki-wybrac-najlepsze-kubki-termiczne-i-turystyczne-w-gory\/"},"author":{"name":"Sylwia Stwora-Petela","@id":"https:\/\/sportano.pl\/blog\/#\/schema\/person\/447e02983a6f3d3d9065df3578f7db52"},"headline":"Kubek w g\u00f3ry \u2013 jaki wybra\u0107? Najlepsze kubki termiczne i turystyczne w g\u00f3ry","datePublished":"2022-11-07T14:56:35+00:00","dateModified":"2025-07-11T08:17:26+00:00","mainEntityOfPage":{"@id":"https:\/\/sportano.pl\/blog\/kubek-w-gory-jaki-wybrac-najlepsze-kubki-termiczne-i-turystyczne-w-gory\/"},"wordCount":1607,"publisher":{"@id":"https:\/\/sportano.pl\/blog\/#organization"},"image":{"@id":"https:\/\/sportano.pl\/blog\/kubek-w-gory-jaki-wybrac-najlepsze-kubki-termiczne-i-turystyczne-w-gory\/#primaryimage"},"thumbnailUrl":"https:\/\/sportano.pl\/blog\/wp-content\/uploads\/2022\/11\/gdi-63691caa34ab7.png","articleSection":["Wszystko o turystyce"],"inLanguage":"pl-PL"},{"@type":"WebPage","@id":"https:\/\/sportano.pl\/blog\/kubek-w-gory-jaki-wybrac-najlepsze-kubki-termiczne-i-turystyczne-w-gory\/","url":"https:\/\/sportano.pl\/blog\/kubek-w-gory-jaki-wybrac-najlepsze-kubki-termiczne-i-turystyczne-w-gory\/","name":"Kubek w g\u00f3ry \u2013 jaki wybra\u0107? Najlepsze kubki termiczne i turystyczne w g\u00f3ry - Blog Sportano.pl","isPartOf":{"@id":"https:\/\/sportano.pl\/blog\/#website"},"primaryImageOfPage":{"@id":"https:\/\/sportano.pl\/blog\/kubek-w-gory-jaki-wybrac-najlepsze-kubki-termiczne-i-turystyczne-w-gory\/#primaryimage"},"image":{"@id":"https:\/\/sportano.pl\/blog\/kubek-w-gory-jaki-wybrac-najlepsze-kubki-termiczne-i-turystyczne-w-gory\/#primaryimage"},"thumbnailUrl":"https:\/\/sportano.pl\/blog\/wp-content\/uploads\/2022\/11\/gdi-63691caa34ab7.png","datePublished":"2022-11-07T14:56:35+00:00","dateModified":"2025-07-11T08:17:26+00:00","description":"Kupuj\u0105c kubek w g\u00f3ry we\u017a pod uwag\u0119 materia\u0142 wykonania, szczelno\u015b\u0107, rodzaj zamkni\u0119cia i to, jak d\u0142ugo utrzyma odpowiedni\u0105 temperatur\u0119 napoju.","breadcrumb":{"@id":"https:\/\/sportano.pl\/blog\/kubek-w-gory-jaki-wybrac-najlepsze-kubki-termiczne-i-turystyczne-w-gory\/#breadcrumb"},"inLanguage":"pl-PL","potentialAction":[{"@type":"ReadAction","target":["https:\/\/sportano.pl\/blog\/kubek-w-gory-jaki-wybrac-najlepsze-kubki-termiczne-i-turystyczne-w-gory\/"]}]},{"@type":"ImageObject","inLanguage":"pl-PL","@id":"https:\/\/sportano.pl\/blog\/kubek-w-gory-jaki-wybrac-najlepsze-kubki-termiczne-i-turystyczne-w-gory\/#primaryimage","url":"https:\/\/sportano.pl\/blog\/wp-content\/uploads\/2022\/11\/gdi-63691caa34ab7.png","contentUrl":"https:\/\/sportano.pl\/blog\/wp-content\/uploads\/2022\/11\/gdi-63691caa34ab7.png","width":816,"height":426,"caption":"\u017b\u00f3\u0142ta butelka termiczna stoi na g\u00f3rskiej skale"},{"@type":"BreadcrumbList","@id":"https:\/\/sportano.pl\/blog\/kubek-w-gory-jaki-wybrac-najlepsze-kubki-termiczne-i-turystyczne-w-gory\/#breadcrumb","itemListElement":[{"@type":"ListItem","position":1,"name":"Strona g\u0142\u00f3wna","item":"https:\/\/sportano.pl\/blog\/"},{"@type":"ListItem","position":2,"name":"Kubek w g\u00f3ry \u2013 jaki wybra\u0107? Najlepsze kubki termiczne i turystyczne w g\u00f3ry"}]},{"@type":"WebSite","@id":"https:\/\/sportano.pl\/blog\/#website","url":"https:\/\/sportano.pl\/blog\/","name":"","description":"","publisher":{"@id":"https:\/\/sportano.pl\/blog\/#organization"},"potentialAction":[{"@type":"SearchAction","target":{"@type":"EntryPoint","urlTemplate":"https:\/\/sportano.pl\/blog\/?s={search_term_string}"},"query-input":{"@type":"PropertyValueSpecification","valueRequired":true,"valueName":"search_term_string"}}],"inLanguage":"pl-PL"},{"@type":"Organization","@id":"https:\/\/sportano.pl\/blog\/#organization","name":"Sportano.pl","url":"https:\/\/sportano.pl\/blog\/","logo":{"@type":"ImageObject","inLanguage":"pl-PL","@id":"https:\/\/sportano.pl\/blog\/#\/schema\/logo\/image\/","url":"http:\/\/sportano.pl\/blog\/wp-content\/uploads\/2022\/04\/sportano-blog-logo.png","contentUrl":"http:\/\/sportano.pl\/blog\/wp-content\/uploads\/2022\/04\/sportano-blog-logo.png","width":1200,"height":200,"caption":"Sportano.pl"},"image":{"@id":"https:\/\/sportano.pl\/blog\/#\/schema\/logo\/image\/"}},{"@type":"Person","@id":"https:\/\/sportano.pl\/blog\/#\/schema\/person\/447e02983a6f3d3d9065df3578f7db52","name":"Sylwia Stwora-Petela","image":{"@type":"ImageObject","inLanguage":"pl-PL","@id":"https:\/\/sportano.pl\/blog\/#\/schema\/person\/image\/","url":"https:\/\/sportano.pl\/blog\/wp-content\/uploads\/nsl_avatars\/52d3b69495b3bb32dafd1c9e4d45ef6f.png","contentUrl":"https:\/\/sportano.pl\/blog\/wp-content\/uploads\/nsl_avatars\/52d3b69495b3bb32dafd1c9e4d45ef6f.png","caption":"Sylwia Stwora-Petela"}}]}},"_links":{"self":[{"href":"https:\/\/sportano.pl\/blog\/wp-json\/wp\/v2\/posts\/1489","targetHints":{"allow":["GET"]}}],"collection":[{"href":"https:\/\/sportano.pl\/blog\/wp-json\/wp\/v2\/posts"}],"about":[{"href":"https:\/\/sportano.pl\/blog\/wp-json\/wp\/v2\/types\/post"}],"author":[{"embeddable":true,"href":"https:\/\/sportano.pl\/blog\/wp-json\/wp\/v2\/users\/7"}],"replies":[{"embeddable":true,"href":"https:\/\/sportano.pl\/blog\/wp-json\/wp\/v2\/comments?post=1489"}],"version-history":[{"count":16,"href":"https:\/\/sportano.pl\/blog\/wp-json\/wp\/v2\/posts\/1489\/revisions"}],"predecessor-version":[{"id":22758,"href":"https:\/\/sportano.pl\/blog\/wp-json\/wp\/v2\/posts\/1489\/revisions\/22758"}],"wp:featuredmedia":[{"embeddable":true,"href":"https:\/\/sportano.pl\/blog\/wp-json\/wp\/v2\/media\/1495"}],"wp:attachment":[{"href":"https:\/\/sportano.pl\/blog\/wp-json\/wp\/v2\/media?parent=1489"}],"wp:term":[{"taxonomy":"category","embeddable":true,"href":"https:\/\/sportano.pl\/blog\/wp-json\/wp\/v2\/categories?post=1489"},{"taxonomy":"post_tag","embeddable":true,"href":"https:\/\/sportano.pl\/blog\/wp-json\/wp\/v2\/tags?post=1489"}],"curies":[{"name":"wp","href":"https:\/\/api.w.org\/{rel}","templated":true}]}}