{"id":19576,"date":"2025-03-28T12:03:06","date_gmt":"2025-03-28T12:03:06","guid":{"rendered":"https:\/\/sportano.pl\/blog\/?p=19576"},"modified":"2025-06-18T10:25:40","modified_gmt":"2025-06-18T10:25:40","slug":"jaki-plecak-40-l-w-gory-wybrac-top10","status":"publish","type":"post","link":"https:\/\/sportano.pl\/blog\/jaki-plecak-40-l-w-gory-wybrac-top10\/","title":{"rendered":"Jaki plecak 40 l w g\u00f3ry wybra\u0107? TOP10"},"content":{"rendered":"\n<p><strong><strong>Plecak 40 l to uniwersalny wyb\u00f3r, kt\u00f3ry \u015bwietnie sprawdzi si\u0119 zar\u00f3wno na jednodniowe wycieczki, weekendowe wyprawy, jak i kilkudniowe trekkingi. W naszym przegl\u0105dzie znajdziesz topowe modele, kt\u00f3re \u0142\u0105cz\u0105 trwa\u0142o\u015b\u0107, ergonomi\u0119 i nowoczesne rozwi\u0105zania. Sprawd\u017a, kt\u00f3ry plecak 40 l z oferty Sportano najlepiej spe\u0142ni Twoje wymagania, zapewniaj\u0105c komfort i bezpiecze\u0144stwo na g\u00f3rskim szlaku.<\/strong><\/strong><\/p>\n\n\n\n<h2 class=\"wp-block-heading\">Plecak trekkingowy deuter Aircontact Lite 40 + 10 l<\/h2>\n\n\n\n<p>Szukasz lekkiego plecaka 40 l, kt\u00f3ry b\u0119dzie pasowa\u0142 na plecy o d\u0142ugo\u015bci 42-62 cm i na wzrost 170-205 cm? Te wymagania spe\u0142ni <a href=\"http:\/\/plecak-trekkingowy-deuter-aircontact-lite-40-10-l-atlantic-ink\" target=\"_blank\" rel=\"noreferrer noopener\">deuter Aircontact Lite<\/a>, do kt\u00f3rego mo\u017cesz spakowa\u0107 rzeczy o maksymalnej wadzie do 15 kg. Obecno\u015b\u0107 regulacji d\u0142ugo\u015bci plec\u00f3w VariQuick i ergonomicznych pas\u00f3w biodrowych ECL gwarantuje idealne dopasowanie oraz skuteczny transfer obci\u0105\u017cenia. Ten plecak wyposa\u017cono w system no\u015bny Aircontact Lite z oddychaj\u0105c\u0105 piank\u0105. Dzi\u0119ki temu zyskujesz doskona\u0142\u0105 cyrkulacj\u0119 powietrza i sprawne odprowadzanie wilgoci. Twoje plecy pozostan\u0105 suche nawet przy trudnych podej\u015bciach czy intensywnym marszu. Hydrofobowa pow\u0142oka DWR (Durable Water Repellency) pozwala unikn\u0105\u0107 przedostania si\u0119 wody i wilgoci do \u015brodka.<\/p>\n\n\n\n<figure class=\"wp-block-image size-full\"><img loading=\"lazy\" decoding=\"async\" width=\"816\" height=\"426\" src=\"https:\/\/sportano.pl\/blog\/wp-content\/uploads\/2025\/03\/plecak-trekkingowy-deuter-aircontact-lite-40-10-l-atlantic-ink.jpg\" alt=\"\" class=\"wp-image-19579\" srcset=\"https:\/\/sportano.pl\/blog\/wp-content\/uploads\/2025\/03\/plecak-trekkingowy-deuter-aircontact-lite-40-10-l-atlantic-ink.jpg 816w, https:\/\/sportano.pl\/blog\/wp-content\/uploads\/2025\/03\/plecak-trekkingowy-deuter-aircontact-lite-40-10-l-atlantic-ink-300x157.jpg 300w, https:\/\/sportano.pl\/blog\/wp-content\/uploads\/2025\/03\/plecak-trekkingowy-deuter-aircontact-lite-40-10-l-atlantic-ink-768x401.jpg 768w, https:\/\/sportano.pl\/blog\/wp-content\/uploads\/2025\/03\/plecak-trekkingowy-deuter-aircontact-lite-40-10-l-atlantic-ink-100x52.jpg 100w\" sizes=\"auto, (max-width: 816px) 100vw, 816px\" \/><\/figure>\n\n\n\n<p><a href=\"https:\/\/sportano.pl\/plecaki-i-torby-turystyczne\" target=\"_blank\" rel=\"noreferrer noopener\">Plecak trekkingowy<\/a> z klasyczn\u0105 klap\u0105 posiada elastyczne kieszenie boczne i kiesze\u0144 przednia, kt\u00f3re zapewniaj\u0105 szybki dost\u0119p do cz\u0119sto u\u017cywanych przedmiot\u00f3w. W \u015brodku znajduje si\u0119 kiesze\u0144 wewn\u0119trzna na cenne przedmioty, a zewn\u0119trzne p\u0119tle s\u0142u\u017c\u0105 do przypi\u0119cia kasku, czekana i kijk\u00f3w trekkingowych. Dodatkowo elastyczna komora wewn\u0119trzna sprawdzi si\u0119 jako schowek na mokr\u0105 odzie\u017c lub system hydracyjny. Model jest kompatybilny z buk\u0142akami o pojemno\u015bci 3 l.<\/p>\n\n\n\n<p>Aircontact Lite o wymiarach 73 x 30 x 25 cm wyprodukowano bez u\u017cycia szkodliwych chemikali\u00f3w per- i polifluorowanych. Plecak trekkingowy marki deuter posiada te\u017c certyfikat ClimatePartner.<\/p>\n\n\n\n<h2 class=\"wp-block-heading\">Plecak turystyczny m\u0119ski Gregory Zulu 40 l<\/h2>\n\n\n\n<p><a href=\"https:\/\/sportano.pl\/p\/190733\/plecak-turystyczny-meski-gregory-zulu-40-l-volcanic-black\">Gregory Zulu 40 l<\/a> to wszechstronny plecak turystyczny o wymiarach 66 x 32 x 31 cm. \u0141\u0105czy sportowy design z funkcjonalno\u015bci\u0105 i wygod\u0105, niezale\u017cnie od tego, czy wybierasz si\u0119 na jednodniow\u0105 wycieczk\u0119, czy planujesz weekend w g\u00f3rach. Mamy tu innowacyjny system no\u015bny FreeFloat. Wentylowany tylny panel zapewnia swobodny przep\u0142yw powietrza mi\u0119dzy plecami a plecakiem, co gwarantuje doskona\u0142\u0105 wentylacj\u0119 nawet podczas intensywnej aktywno\u015bci. Mo\u017cliwo\u015b\u0107 dostosowania wysoko\u015bci plec\u00f3w w zakresie 9 cm umo\u017cliwia perfekcyjne dopasowanie do sylwetki, zwi\u0119kszaj\u0105c komfort noszenia i stabilno\u015b\u0107. Wy\u015bcie\u0142any pas biodrowy dostosowuje si\u0119 do ruch\u00f3w cia\u0142a, co przek\u0142ada si\u0119 na r\u00f3wnomierne roz\u0142o\u017cenie obci\u0105\u017cenia i nieograniczon\u0105 swobod\u0119 ruchu. Dodatkowo posiada pojemne kieszenie, kt\u00f3re pomieszcz\u0105 telefon czy inne niezb\u0119dne drobiazgi.<\/p>\n\n\n\n<figure class=\"wp-block-image size-full\"><img loading=\"lazy\" decoding=\"async\" width=\"816\" height=\"426\" src=\"https:\/\/sportano.pl\/blog\/wp-content\/uploads\/2025\/03\/plecak-turystyczny-meski-gregory-zulu-40-l-volcanic-black.jpg\" alt=\"\" class=\"wp-image-19582\" srcset=\"https:\/\/sportano.pl\/blog\/wp-content\/uploads\/2025\/03\/plecak-turystyczny-meski-gregory-zulu-40-l-volcanic-black.jpg 816w, https:\/\/sportano.pl\/blog\/wp-content\/uploads\/2025\/03\/plecak-turystyczny-meski-gregory-zulu-40-l-volcanic-black-300x157.jpg 300w, https:\/\/sportano.pl\/blog\/wp-content\/uploads\/2025\/03\/plecak-turystyczny-meski-gregory-zulu-40-l-volcanic-black-768x401.jpg 768w, https:\/\/sportano.pl\/blog\/wp-content\/uploads\/2025\/03\/plecak-turystyczny-meski-gregory-zulu-40-l-volcanic-black-100x52.jpg 100w\" sizes=\"auto, (max-width: 816px) 100vw, 816px\" \/><\/figure>\n\n\n\n<p>Przedni suwak w kszta\u0142cie litery U pozwala na szybkie i wygodne otwarcie komory g\u0142\u00f3wnej. Dzi\u0119ki temu ca\u0142y ekwipunek jest zawsze \u0142atwo dost\u0119pny. Du\u017ce, elastyczne kieszenie boczne i przednia kiesze\u0144 z siatki umo\u017cliwiaj\u0105 przechowywanie dodatkowych rzeczy, takich jak butelki z wod\u0105 czy kurtka. Ponadto plecak wyposa\u017cono w r\u0119kaw hydracyjny z systemem mocowania SpeedClip, dzi\u0119ki czemu mo\u017cna do niego podpi\u0105\u0107 buk\u0142ak.<\/p>\n\n\n\n<p>Do produkcji Gregory Zulu u\u017cyto 40% poliestru Ripstopz z recyklingu razem z wodoodporn\u0105 pow\u0142ok\u0105 DWR woln\u0105 od PFAS. Dodatkowo plecak posiada zintegrowany pokrowiec przeciwdeszczowy umieszczony w dedykowanej kieszeni.<\/p>\n\n\n\n<h2 class=\"wp-block-heading\">Plecak 40 l Salomon Aerotrek m\u0119ski<\/h2>\n\n\n\n<p><a href=\"https:\/\/sportano.pl\/p\/605229\/plecak-turystyczny-meski-salomon-aerotrek-40-l-m-l-sedona-sage-seagrass-nine-iron\" target=\"_blank\" rel=\"noreferrer noopener\">Salomon Aerotrek 40 l<\/a> to \u015bwietne rozwi\u0105zanie na 2\u20133-dniowe wycieczki w g\u00f3ry. Dzi\u0119ki zaawansowanej konstrukcji Advanced airCHASSIS, ten m\u0119ski plecak turystyczny gwarantuje stabilno\u015b\u0107, doskona\u0142e wsparcie dla plec\u00f3w oraz przewiewno\u015b\u0107. Zawieszony panel tylny wykonany z oddychaj\u0105cej siateczki zapewnia swobodny przep\u0142yw powietrza, eliminuj\u0105c ryzyko przegrzania plec\u00f3w. Opatentowana technologia podparcia odcinka l\u0119d\u017awiowego r\u00f3wnomiernie rozk\u0142ada obci\u0105\u017cenie, zwi\u0119kszaj\u0105c wygod\u0119 podczas d\u0142ugiego marszu.<\/p>\n\n\n\n<figure class=\"wp-block-image size-full\"><img loading=\"lazy\" decoding=\"async\" width=\"816\" height=\"426\" src=\"https:\/\/sportano.pl\/blog\/wp-content\/uploads\/2025\/03\/plecak-turystyczny-meski-salomon-aerotrek-40-l-m-l-sedona-sage-seagrass-nine-iron.jpg\" alt=\"\" class=\"wp-image-19580\" srcset=\"https:\/\/sportano.pl\/blog\/wp-content\/uploads\/2025\/03\/plecak-turystyczny-meski-salomon-aerotrek-40-l-m-l-sedona-sage-seagrass-nine-iron.jpg 816w, https:\/\/sportano.pl\/blog\/wp-content\/uploads\/2025\/03\/plecak-turystyczny-meski-salomon-aerotrek-40-l-m-l-sedona-sage-seagrass-nine-iron-300x157.jpg 300w, https:\/\/sportano.pl\/blog\/wp-content\/uploads\/2025\/03\/plecak-turystyczny-meski-salomon-aerotrek-40-l-m-l-sedona-sage-seagrass-nine-iron-768x401.jpg 768w, https:\/\/sportano.pl\/blog\/wp-content\/uploads\/2025\/03\/plecak-turystyczny-meski-salomon-aerotrek-40-l-m-l-sedona-sage-seagrass-nine-iron-100x52.jpg 100w\" sizes=\"auto, (max-width: 816px) 100vw, 816px\" \/><\/figure>\n\n\n\n<p>Co jeszcze wyr\u00f3\u017cnia Salomon Aerotrek 40 l? Wysokiej jako\u015bci materia\u0142y odporne na uszkodzenia i warunki atmosferyczne oraz \u0142atwe w u\u017cyciu systemy regulacji gwarantuj\u0105ce optymalne dostosowa\u0107 do sylwetki. Konstrukcja plecaka u\u0142atwia jego czyszczenie, dzi\u0119ki czemu utrzymasz go w doskona\u0142ym stanie nawet po intensywnym u\u017cytkowaniu. Liczne&nbsp;i \u0142atwo dost\u0119pne kieszenie oraz komory pozwalaj\u0105 na logiczne uporz\u0105dkowanie ekwipunku. Ponadto plecak jest kompatybilny z buk\u0142akiem o pojemno\u015bci 2 l oraz pomie\u015bci 2 butelki o pojemno\u015bci 1 l. Wymiary Salomon Aerotrek 40 l&nbsp;to d\u0142ugo\u015b\u0107 71 cm, wysoko\u015b\u0107 34 cm oraz szeroko\u015b\u0107 26 cm.<\/p>\n\n\n\n<h2 class=\"wp-block-heading\">Plecak turystyczny damski Tatonka Pyrox 40 + 10 l<\/h2>\n\n\n\n<p>Z pojemno\u015bci\u0105 40 l, kt\u00f3r\u0105 mo\u017cna powi\u0119kszy\u0107 o dodatkowe 10 l, systemem no\u015bnym dostosowanym do kobiecej sylwetki oraz przemy\u015blanym uk\u0142adem kieszeni, <a href=\"https:\/\/sportano.pl\/p\/635774\/plecak-turystyczny-damski-tatonka-pyrox-40-10-l-elemental-blue\" target=\"_blank\" rel=\"noreferrer noopener\">Tatonka Pyrox<\/a> sprawdzi si\u0119 podczas wypraw turystycznych o ka\u017cdej porze roku. Ten damski plecak turystyczny o wymiarach 67 x 28 x 15 cm wykonano z poliamidu, przez co cechuje si\u0119 wysok\u0105 trwa\u0142o\u015bci\u0105 i odporno\u015bci\u0105 na uszkodzenia. Pow\u0142oka hydrofobowa DWR zabezpiecza wn\u0119trze przed wilgoci\u0105 i przemoczeniem w lekkim deszczu.<\/p>\n\n\n\n<figure class=\"wp-block-image size-full\"><img loading=\"lazy\" decoding=\"async\" width=\"816\" height=\"426\" src=\"https:\/\/sportano.pl\/blog\/wp-content\/uploads\/2025\/03\/plecak-turystyczny-damski-tatonka-pyrox-40-10-l-elemental-blue.jpg\" alt=\"\" class=\"wp-image-19585\" srcset=\"https:\/\/sportano.pl\/blog\/wp-content\/uploads\/2025\/03\/plecak-turystyczny-damski-tatonka-pyrox-40-10-l-elemental-blue.jpg 816w, https:\/\/sportano.pl\/blog\/wp-content\/uploads\/2025\/03\/plecak-turystyczny-damski-tatonka-pyrox-40-10-l-elemental-blue-300x157.jpg 300w, https:\/\/sportano.pl\/blog\/wp-content\/uploads\/2025\/03\/plecak-turystyczny-damski-tatonka-pyrox-40-10-l-elemental-blue-768x401.jpg 768w, https:\/\/sportano.pl\/blog\/wp-content\/uploads\/2025\/03\/plecak-turystyczny-damski-tatonka-pyrox-40-10-l-elemental-blue-100x52.jpg 100w\" sizes=\"auto, (max-width: 816px) 100vw, 816px\" \/><\/figure>\n\n\n\n<p>Dostosowany do kobiecej anatomii system no\u015bny X Light Vario dba o doskona\u0142\u0105 wentylacj\u0119 oraz stabilizuje obci\u0105\u017cenie i odci\u0105\u017ca plecy. Regulacja na wielu p\u0142aszczyznach umo\u017cliwia idealne dopasowanie do sylwetki i wagi baga\u017cu. Rozk\u0142ad ci\u0119\u017caru wspierany jest przez ergonomiczny i wy\u015bcie\u0142any pas biodrowy, kt\u00f3ry przenosi obci\u0105\u017cenie na biodra, odci\u0105\u017caj\u0105c plecy i ramiona. Pas piersiowy stabilizuje szelki, poprawiaj\u0105c wygod\u0119 noszenia, szczeg\u00f3lnie podczas d\u0142ugich w\u0119dr\u00f3wek z ci\u0119\u017ckim \u0142adunkiem.<\/p>\n\n\n\n<p>Plecak oferuje przestronne komory oraz \u0142atwo dost\u0119pne kieszenie, kt\u00f3re pozwalaj\u0105 na uporz\u0105dkowanie ekwipunku. Mo\u017cna oddzieli\u0107 komor\u0119 g\u0142\u00f3wn\u0105 i doln\u0105, aby posegregowa\u0107 wyposa\u017cenie wed\u0142ug potrzeb. Dedykowane mocowanie na kijki trekkingowe lub inny sprz\u0119t zapewnia wygodne przechowywanie w przypadku nieu\u017cywania. Plecak jest kompatybilny z systemem hydracyjnym, dzi\u0119ki czemu zapewnia \u0142atwy dost\u0119p do wody w trakcie marszu.<\/p>\n\n\n\n\n\n\n\n<h2 class=\"wp-block-heading\">Plecak trekkingowy Salewa Puez 40+5 l<\/h2>\n\n\n\n<p><a href=\"https:\/\/sportano.pl\/p\/370764\/plecak-trekkingowy-salewa-puez-40-5-l-navy-blazer-java-blue\" target=\"_blank\" rel=\"noreferrer noopener\"><strong>Salewa Puez 40+5 l<\/strong><\/a> o wymiarach 27 x 37 x 63 cm sprawdzi si\u0119 zar\u00f3wno podczas kr\u00f3tszych w\u0119dr\u00f3wek, jak i wielodniowych wypraw w trudnych warunkach. Panel tylny bazuj\u0105cy na technologii Dry Back Custom pozwala na regulacj\u0119 w zale\u017cno\u015bci od wzrostu i indywidualnych potrzeb u\u017cytkownika. Mi\u0119kka pianka EVA oraz wyjmowana wk\u0142adka stabilizuj\u0105ca ISB Bar redukuj\u0105 napi\u0119cie plec\u00f3w, zapewniaj\u0105c komfort nawet podczas wielogodzinnych w\u0119dr\u00f3wek. Ergonomiczne szelki z paskami stabilizuj\u0105cymi, lekki pas piersiowy oraz wygodny pas biodrowy wspieraj\u0105 r\u00f3wnomierny rozk\u0142ad ci\u0119\u017caru, zapewniaj\u0105c komfort podczas ka\u017cdego kroku na szlaku.<\/p>\n\n\n\n<figure class=\"wp-block-image size-full\"><img loading=\"lazy\" decoding=\"async\" width=\"816\" height=\"426\" src=\"https:\/\/sportano.pl\/blog\/wp-content\/uploads\/2025\/03\/plecak-trekkingowy-salewa-puez-40-5-l-navy-blazer-java-blue.jpg\" alt=\"\" class=\"wp-image-19588\" srcset=\"https:\/\/sportano.pl\/blog\/wp-content\/uploads\/2025\/03\/plecak-trekkingowy-salewa-puez-40-5-l-navy-blazer-java-blue.jpg 816w, https:\/\/sportano.pl\/blog\/wp-content\/uploads\/2025\/03\/plecak-trekkingowy-salewa-puez-40-5-l-navy-blazer-java-blue-300x157.jpg 300w, https:\/\/sportano.pl\/blog\/wp-content\/uploads\/2025\/03\/plecak-trekkingowy-salewa-puez-40-5-l-navy-blazer-java-blue-768x401.jpg 768w, https:\/\/sportano.pl\/blog\/wp-content\/uploads\/2025\/03\/plecak-trekkingowy-salewa-puez-40-5-l-navy-blazer-java-blue-100x52.jpg 100w\" sizes=\"auto, (max-width: 816px) 100vw, 816px\" \/><\/figure>\n\n\n\n<p>Plecak Salewa Puez 40+5L oferuje dwa rodzaje dost\u0119pu do komory g\u0142\u00f3wnej \u2013 z przodu i poprzez g\u00f3rne zamkni\u0119cie typu roll top, co przek\u0142ada si\u0119 na wygodny dost\u0119p do zawarto\u015bci. Kieszenie boczne, bezpieczne schowki na warto\u015bciowe rzeczy, ta\u015bma Daisy Chain oraz dedykowane miejsce na buk\u0142ak pozwalaj\u0105 na praktyczne uporz\u0105dkowanie baga\u017cu. System kompresji umo\u017cliwia dopasowanie kszta\u0142tu plecaka do jego zawarto\u015bci, gwarantuj\u0105c stabilno\u015b\u0107 podczas marszu.<\/p>\n\n\n\n<p>Solidne materia\u0142y ripstop i wodoodporne zamki b\u0142yskawiczne zapewniaj\u0105 odporno\u015b\u0107 na trudne warunki atmosferyczne i uszkodzenia mechaniczne. Dedykowany pokrowiec przeciwdeszczowy w zestawie skutecznie ochroni baga\u017c przed ulewnym deszczem. Plecak jest wykonany bez u\u017cycia toksycznych substancji PFC, co czyni go przyjaznym dla \u015brodowiska.<\/p>\n\n\n\n<h2 class=\"wp-block-heading\">Plecak turystyczny Ferrino Dry-Hike 40+5 l<\/h2>\n\n\n\n<p>Zale\u017cy Ci na uniwersalnym i niezawodnym plecaku trekkingowym, kt\u00f3ry sprosta wyzwaniom ka\u017cdej outdoorowej aktywno\u015bci, oferuj\u0105c wygod\u0119, wsparcie oraz pojemno\u015b\u0107 potrzebn\u0105 na d\u0142u\u017csze wyprawy? Wybierz plecak 40 l <a href=\"https:\/\/sportano.pl\/p\/387858\/plecak-turystyczny-ferrino-dry-hike-40-5-l-blue\" target=\"_blank\" rel=\"noreferrer noopener\">Ferrino Dry-Hike<\/a> z opcj\u0105 powi\u0119kszenia o 5 l. Technologia HDry\u00ae zapewnia wodoszczelno\u015b\u0107 na poziomie 10 000 mm s\u0142upa wody. Konstrukcja wykonana w 100% z poliestru 210D z recyklingu oraz wyko\u0144czenie Invisible Ripstop to gwarancja wysokiej wytrzyma\u0142o\u015bci i odporno\u015bci na uszkodzenia mechaniczne. <\/p>\n\n\n\n<figure class=\"wp-block-image size-full\"><img loading=\"lazy\" decoding=\"async\" width=\"816\" height=\"426\" src=\"https:\/\/sportano.pl\/blog\/wp-content\/uploads\/2025\/03\/plecak-turystyczny-ferrino-dry-hike-40-5-l-blue.jpg\" alt=\"\" class=\"wp-image-19590\" srcset=\"https:\/\/sportano.pl\/blog\/wp-content\/uploads\/2025\/03\/plecak-turystyczny-ferrino-dry-hike-40-5-l-blue.jpg 816w, https:\/\/sportano.pl\/blog\/wp-content\/uploads\/2025\/03\/plecak-turystyczny-ferrino-dry-hike-40-5-l-blue-300x157.jpg 300w, https:\/\/sportano.pl\/blog\/wp-content\/uploads\/2025\/03\/plecak-turystyczny-ferrino-dry-hike-40-5-l-blue-768x401.jpg 768w, https:\/\/sportano.pl\/blog\/wp-content\/uploads\/2025\/03\/plecak-turystyczny-ferrino-dry-hike-40-5-l-blue-100x52.jpg 100w\" sizes=\"auto, (max-width: 816px) 100vw, 816px\" \/><\/figure>\n\n\n\n<p>System no\u015bny Hollow Back System dba o odpowiedni\u0105 wentylacj\u0119 plec\u00f3w, stabilno\u015b\u0107 oraz r\u00f3wnomierne roz\u0142o\u017cenie obci\u0105\u017cenia. Optymalne zagospodarowanie przestrzeni to zas\u0142uga praktycznych kieszeni w g\u00f3rnej klapie, bocznych oraz na pasie biodrowym, a tak\u017ce pask\u00f3w kompresyjnych, uchwyt\u00f3w do mocowania kijk\u00f3w trekkingowych i kasku oraz ta\u015bmy Daisy Chain. U\u0142atwiony dost\u0119p do g\u0142\u00f3wnej komory zapewnia zamkni\u0119cie typu roll-up oraz wodoszczelny zamek b\u0142yskawiczny na przednim panelu. Gwizdek alarmowy na pasie piersiowym umo\u017cliwia wezwanie pomocy w nag\u0142ej sytuacji. Plecak Ferrino Dry-Hike 40+5 l &nbsp;ma wymiary 60 \u00d7 24 \u00d7 28 cm.<\/p>\n\n\n\n<h2 class=\"wp-block-heading\">Plecak ORTOVOX Traverse 40 l<\/h2>\n\n\n\n<p>Potrzebujesz uniwersalny plecak 40 l, do kt\u00f3rego spakujesz si\u0119 zar\u00f3wno na trekking, wspinaczk\u0119, wypraw\u0119 wysokog\u00f3rsk\u0105, jak i zimow\u0105 wycieczk\u0119? <a href=\"https:\/\/sportano.pl\/p\/194826\/plecak-turystyczny-ortovox-traverse-40-l-petrol-blue\" target=\"_blank\" rel=\"noreferrer noopener\">ORTOVOX Traverse 40 l<\/a> stworzony z my\u015bl\u0105 o d\u0142u\u017cszych wyprawach, zapewnia optymalne roz\u0142o\u017cenie ci\u0119\u017caru, wygod\u0119 noszenia oraz przestronno\u015b\u0107, umo\u017cliwiaj\u0105c zabranie wszystkich niezb\u0119dnych rzeczy. Mamy tu system no\u015bny Comfort Contact System wyposa\u017cony w \u017cebrowany materia\u0142 siatkowy i perforowan\u0105 piank\u0119 w panelu tylnym. To przek\u0142ada si\u0119 na \u015bwietn\u0105 wentylacj\u0119 plec\u00f3w oraz komfort noszenia. Ergonomiczne pasy naramienne dopasowuj\u0105 si\u0119 do sylwetki, r\u00f3wnomiernie rozk\u0142adaj\u0105c ci\u0119\u017car. Szeroki pas biodrowy odci\u0105\u017ca kr\u0119gos\u0142up, co docenisz podczas d\u0142ugich tras.<\/p>\n\n\n\n<figure class=\"wp-block-embed is-type-video is-provider-youtube wp-block-embed-youtube wp-embed-aspect-16-9 wp-has-aspect-ratio\"><div class=\"wp-block-embed__wrapper\">\n<iframe loading=\"lazy\" title=\"The new Traverse backpack series for mountaineers | ORTOVOX\" width=\"500\" height=\"281\" src=\"https:\/\/www.youtube.com\/embed\/dU018bEkc6M?feature=oembed\" frameborder=\"0\" allow=\"accelerometer; autoplay; clipboard-write; encrypted-media; gyroscope; picture-in-picture; web-share\" referrerpolicy=\"strict-origin-when-cross-origin\" allowfullscreen><\/iframe>\n<\/div><\/figure>\n\n\n\n<p>G\u0142\u00f3wna komora, kiesze\u0144 w klapie i dodatkowa komora dolna pomieszcz\u0105 wszystkie potrzebne rzeczy na kilkudniow\u0105 wypraw\u0119. Regulowana kiesze\u0144 przednia umo\u017cliwia szybki dost\u0119p do drobnych przedmiot\u00f3w. Elastyczne kieszenie boczne idealnie sprawdz\u0105 si\u0119 do przechowywania butelek lub bidon\u00f3w z wod\u0105. Specjalna kiesze\u0144 na mapy u\u0142atwia ich szybkie wyj\u0119cie podczas marszu. Kiesze\u0144 na pasie biodrowym pomie\u015bci drobne przedmioty. Praktyczne rozwi\u0105zanie to mocowanie na kask i kijki trekkingowe oraz p\u0119tle i uchwyty do nart, sprz\u0119tu alpinistycznego itp. Plecak jest te\u017c kompatybilny z systemem hydracyjnym.<\/p>\n\n\n\n<p>ORTOVOX Traverse 40 l o wymiarach 27 x 66 x 23 cm w 72% wyprodukowany jest z poliamidu pochodz\u0105cego z recyklingu. Dzi\u0119ki temu jest nie tylko niezwykle wytrzyma\u0142y, ale tak\u017ce przyjazny dla planety. Ponadto posiada zintegrowany pokrowiec przeciwdeszczowy, kt\u00f3ry chroni plecak i jego zawarto\u015b\u0107 przed niesprzyjaj\u0105cymi warunkami pogodowymi.<\/p>\n\n\n\n<h2 class=\"wp-block-heading\">Plecak 40 l deuter Futura Pro<\/h2>\n\n\n\n<p><a href=\"https:\/\/sportano.pl\/p\/199587\/plecak-turystyczny-deuter-futura-pro-40-l-atlantic-ink\" target=\"_blank\" rel=\"noreferrer noopener\">deuter Futura Pro 40 l<\/a> to plecak na kilkudniowe wyprawy, kt\u00f3ry sprawdzi si\u0119 u os\u00f3b o wzro\u015bcie 170-195 cm i d\u0142ugo\u015bci plec\u00f3w od 44 do 54 cm. Dzi\u0119ki ergonomicznemu systemowi no\u015bnemu Aircomfort Sensic Pro, zapewnia maksymaln\u0105 wentylacj\u0119 plec\u00f3w. Ruchome pasy biodrowe VariFlex ECL z ergonomicznymi, wy\u015bcie\u0142anymi wk\u0142adkami r\u00f3wnomiernie rozk\u0142adaj\u0105 obci\u0105\u017cenie, co przek\u0142ada si\u0119 na mniejsze zm\u0119czenie. Regulowany pas piersiowy oraz paski do regulacji obci\u0105\u017cenia pozwalaj\u0105 idealnie dopasowa\u0107 plecak do sylwetki.<\/p>\n\n\n\n<figure class=\"wp-block-image size-full\"><img loading=\"lazy\" decoding=\"async\" width=\"816\" height=\"426\" src=\"https:\/\/sportano.pl\/blog\/wp-content\/uploads\/2025\/03\/plecak-turystyczny-deuter-futura-pro-40-l-atlantic-ink.jpg\" alt=\"\" class=\"wp-image-19620\" srcset=\"https:\/\/sportano.pl\/blog\/wp-content\/uploads\/2025\/03\/plecak-turystyczny-deuter-futura-pro-40-l-atlantic-ink.jpg 816w, https:\/\/sportano.pl\/blog\/wp-content\/uploads\/2025\/03\/plecak-turystyczny-deuter-futura-pro-40-l-atlantic-ink-300x157.jpg 300w, https:\/\/sportano.pl\/blog\/wp-content\/uploads\/2025\/03\/plecak-turystyczny-deuter-futura-pro-40-l-atlantic-ink-768x401.jpg 768w, https:\/\/sportano.pl\/blog\/wp-content\/uploads\/2025\/03\/plecak-turystyczny-deuter-futura-pro-40-l-atlantic-ink-100x52.jpg 100w\" sizes=\"auto, (max-width: 816px) 100vw, 816px\" \/><\/figure>\n\n\n\n<p>Plecak turystyczny deuter Futura Pro 40 l wyprodukowano z wytrzyma\u0142ego poliamidu 210D z recyklingu oraz poliestru 600D. Materia\u0142y te s\u0105 odporne na wilgo\u0107 i zu\u017cycie, a jednocze\u015bnie lekkie. Zintegrowany i \u0142atwo dost\u0119pny pokrowiec przeciwdeszczowy skutecznie chroni zawarto\u015b\u0107 przed wilgoci\u0105.<\/p>\n\n\n\n<p>Przemy\u015blany podzia\u0142 na komory pozwala na efektywne przechowywanie rzeczy w g\u0142\u00f3wnej przegrodzie, bocznych kieszeniach oraz odr\u0119bnej komorze dolnej. Pasy kompresyjne pozwalaj\u0105 zmniejszy\u0107 obj\u0119to\u015b\u0107 plecaka, gdy nie jest w pe\u0142ni zapakowany. Do tego na wyposa\u017ceniu znajduje si\u0119 uchwyt na kije trekkingowe lub czekan oraz p\u0119tle do mocowania kasku. Plecak umo\u017cliwia zamontowanie buk\u0142aka o pojemno\u015bci do 3 l. Wymiary deuter Futura Pro 40 l to 65 x 32 x 24 cm.<\/p>\n\n\n\n<h2 class=\"wp-block-heading\">Plecak trekkingowy m\u0119ski The North Face Terra 40 l<\/h2>\n\n\n\n<p>Dzi\u0119ki zaawansowanym technologiom i ergonomicznej konstrukcji, <a href=\"https:\/\/sportano.pl\/p\/477613\/plecak-trekkingowy-meski-the-north-face-terra-40-l-black-asphalt-grey\" target=\"_blank\" rel=\"noreferrer noopener\">The North Face Terra 40 l<\/a> nadaje si\u0119 na ca\u0142oroczne w\u0119dr\u00f3wki w zr\u00f3\u017cnicowanych warunkach terenowych. Technologia OPTIFIT\u2122 gwarantuje precyzyjne dopasowanie do sylwetki, odci\u0105\u017caj\u0105c plecy i poprawiaj\u0105c komfort noszenia podczas wielogodzinnych marsz\u00f3w. Innowacyjny system r\u00f3wnowa\u017cenia obci\u0105\u017cenia Dyno Lift System\u2122 umo\u017cliwia optymalne roz\u0142o\u017cenie wagi. Pas biodrowy i piersiowy stabilizuj\u0105 plecak, zmniejszaj\u0105c obci\u0105\u017cenie plec\u00f3w i ramion, co jest szczeg\u00f3lnie wa\u017cne przy noszeniu baga\u017cu o wi\u0119kszym ci\u0119\u017carze.<\/p>\n\n\n\n<figure class=\"wp-block-image size-full\"><img loading=\"lazy\" decoding=\"async\" width=\"816\" height=\"426\" src=\"https:\/\/sportano.pl\/blog\/wp-content\/uploads\/2025\/03\/plecak-trekkingowy-meski-the-north-face-terra-40-l-black-asphalt-grey.jpg\" alt=\"\" class=\"wp-image-19594\" srcset=\"https:\/\/sportano.pl\/blog\/wp-content\/uploads\/2025\/03\/plecak-trekkingowy-meski-the-north-face-terra-40-l-black-asphalt-grey.jpg 816w, https:\/\/sportano.pl\/blog\/wp-content\/uploads\/2025\/03\/plecak-trekkingowy-meski-the-north-face-terra-40-l-black-asphalt-grey-300x157.jpg 300w, https:\/\/sportano.pl\/blog\/wp-content\/uploads\/2025\/03\/plecak-trekkingowy-meski-the-north-face-terra-40-l-black-asphalt-grey-768x401.jpg 768w, https:\/\/sportano.pl\/blog\/wp-content\/uploads\/2025\/03\/plecak-trekkingowy-meski-the-north-face-terra-40-l-black-asphalt-grey-100x52.jpg 100w\" sizes=\"auto, (max-width: 816px) 100vw, 816px\" \/><\/figure>\n\n\n\n<p>Z pozosta\u0142ych atut\u00f3w The North Face Terra 40 l warto wspomnie\u0107 o pojemnej komorze, licznych kieszeniach na drobiazgi, mapy czy butelki z wod\u0105 i mocowaniach do kijk\u00f3w trekkingowych, karimaty czy innego wi\u0119kszego sprz\u0119tu. Paski kompresyjne pozwalaj\u0105 dostosowa\u0107 rozmiar plecaka do jego zawarto\u015bci i zapobiegaj\u0105 przesuwaniu si\u0119 baga\u017cu. Plecak oferuje te\u017c kompatybilno\u015b\u0107 z systemem hydracyjnym, zintegrowany gwizdek alarmowy oraz solidne zamki YKK\u00ae. Pow\u0142oka DWR chroni materia\u0142 przed wilgoci\u0105, umo\u017cliwiaj\u0105c wodzie sp\u0142ywanie z powierzchni plecaka. Chocia\u017c nie zapewnia pe\u0142nej wodoodporno\u015bci, znacznie zwi\u0119ksza komfort w deszczowych warunkach.<\/p>\n\n\n\n<h2 class=\"wp-block-heading\">Plecak trekkingowy Gregory Paragon 40 l RC&nbsp;<\/h2>\n\n\n\n<p>Jeste\u015b entuzjast\u0105 trekkingu oraz backpackingu i szukasz niezawodnego plecaka na d\u0142ugie, wymagaj\u0105ce wyprawy? Wybierz <a href=\"https:\/\/sportano.pl\/p\/604973\/plecak-trekkingowy-gregory-paragon-40-l-rc-cascade-green\" target=\"_blank\" rel=\"noreferrer noopener\"><strong>Gregory Paragon 40 l RC\u00a0<\/strong><\/a>. Najwa\u017cniejsze cechy tego modelu to system no\u015bny FreeFloat z regulacj\u0105 d\u0142ugo\u015bci wyposa\u017cony w dynamiczny pas biodrowy, dostosowuj\u0105cy si\u0119 do naturalnych ruch\u00f3w u\u017cytkownika, przez co redukuje napi\u0119cie w biodrach. Siateczkowy panel tylny AirCushion zapewnia doskona\u0142\u0105 wentylacj\u0119 plec\u00f3w, minimalizuj\u0105c przegrzewanie. Lekki stela\u017c z metalu i w\u0142\u00f3kna szklanego odpowiada za stabilizacj\u0119 i elastyczno\u015b\u0107 podczas ruchu.<\/p>\n\n\n\n<figure class=\"wp-block-image size-full\"><img loading=\"lazy\" decoding=\"async\" width=\"816\" height=\"426\" src=\"https:\/\/sportano.pl\/blog\/wp-content\/uploads\/2025\/03\/plecak-trekkingowy-gregory-paragon-40-l-rc-cascade-green.jpg\" alt=\"\" class=\"wp-image-19617\" srcset=\"https:\/\/sportano.pl\/blog\/wp-content\/uploads\/2025\/03\/plecak-trekkingowy-gregory-paragon-40-l-rc-cascade-green.jpg 816w, https:\/\/sportano.pl\/blog\/wp-content\/uploads\/2025\/03\/plecak-trekkingowy-gregory-paragon-40-l-rc-cascade-green-300x157.jpg 300w, https:\/\/sportano.pl\/blog\/wp-content\/uploads\/2025\/03\/plecak-trekkingowy-gregory-paragon-40-l-rc-cascade-green-768x401.jpg 768w, https:\/\/sportano.pl\/blog\/wp-content\/uploads\/2025\/03\/plecak-trekkingowy-gregory-paragon-40-l-rc-cascade-green-100x52.jpg 100w\" sizes=\"auto, (max-width: 816px) 100vw, 816px\" \/><\/figure>\n\n\n\n<p>Je\u015bli chodzi o organizacj\u0119 baga\u017cu, plecak oferuje przegrod\u0119 na buk\u0142ak, pasy kompresyjne oraz sporo schowk\u00f3w. Mamy tu kiesze\u0144 na pasie ramiennym, kt\u00f3ra pomie\u015bci komunikator Garmin inReach\u00ae, przek\u0105ski lub okulary przeciws\u0142oneczne. Do tego plecak oferuje dwie elastyczne kieszenie boczne i pojemn\u0105 kiesze\u0144 przedni\u0105 z elastycznej siateczki z zapi\u0119ciem na klamr\u0119. Konstrukcja posiada te\u017c ruchom\u0105 g\u00f3rn\u0105 kiesze\u0144 z dodatkow\u0105 kieszonk\u0105 od spodu, doln\u0105 kiesze\u0144 na \u015bpiw\u00f3r z wyjmowan\u0105 przegrod\u0105 oraz p\u0119tle do troczenia sprz\u0119tu.<\/p>\n\n\n\n<p>Korpus Gregory Paragon 40 l RC powsta\u0142 z nylonu o wysokiej g\u0119sto\u015bci (100D i 210D), kt\u00f3ry jest bardzo odporny na przetarcia. Podstaw\u0119 wyprodukowano z nylonu Ripstop (300D) z recyklingu wolnego od PFAS, w wewn\u0119trzn\u0105 podszewk\u0119 wykonano z poliestru z recyklingu. Zintegrowany pokrowiec przeciwdeszczowy b\u0119dzie zabezpiecza\u0107 zawarto\u015b\u0107 w niekorzystnych warunkach atmosferycznych.<\/p>\n<div id=\"synerise-rekomendacje\" class=\"synerise\"><\/div>","protected":false},"excerpt":{"rendered":"<p>Plecak 40 l to uniwersalny wyb\u00f3r, kt\u00f3ry \u015bwietnie sprawdzi si\u0119 zar\u00f3wno na jednodniowe wycieczki, weekendowe wyprawy, jak i kilkudniowe trekkingi. W naszym przegl\u0105dzie znajdziesz topowe modele, kt\u00f3re \u0142\u0105cz\u0105 trwa\u0142o\u015b\u0107, ergonomi\u0119 i nowoczesne rozwi\u0105zania. Sprawd\u017a, kt\u00f3ry plecak 40 l z oferty Sportano najlepiej spe\u0142ni Twoje wymagania, zapewniaj\u0105c komfort i bezpiecze\u0144stwo na g\u00f3rskim szlaku. Plecak trekkingowy deuter [&hellip;]<\/p>\n","protected":false},"author":7,"featured_media":19596,"comment_status":"closed","ping_status":"closed","sticky":false,"template":"","format":"standard","meta":{"_acf_changed":false,"footnotes":""},"categories":[11],"tags":[],"class_list":["post-19576","post","type-post","status-publish","format-standard","has-post-thumbnail","hentry","category-turystyka"],"acf":[],"yoast_head":"<!-- This site is optimized with the Yoast SEO plugin v27.1.1 - https:\/\/yoast.com\/product\/yoast-seo-wordpress\/ -->\n<title>Jaki plecak 40 l w g\u00f3ry wybra\u0107? TOP10 - Blog Sportano.pl<\/title>\n<meta name=\"description\" content=\"Potrzebujesz turystyczny plecak 40 l? Polecamy Gregory Zulu, Tatonka Pyrox, deuter Aircontact Lite, Ferrino Dry-Hike i ORTOVOX Traverse.\" \/>\n<meta name=\"robots\" content=\"index, follow, max-snippet:-1, max-image-preview:large, max-video-preview:-1\" \/>\n<link rel=\"canonical\" href=\"https:\/\/sportano.pl\/blog\/jaki-plecak-40-l-w-gory-wybrac-top10\/\" \/>\n<meta property=\"og:locale\" content=\"pl_PL\" \/>\n<meta property=\"og:type\" content=\"article\" \/>\n<meta property=\"og:title\" content=\"Jaki plecak 40 l w g\u00f3ry wybra\u0107? TOP10 - Blog Sportano.pl\" \/>\n<meta property=\"og:description\" content=\"Potrzebujesz turystyczny plecak 40 l? Polecamy Gregory Zulu, Tatonka Pyrox, deuter Aircontact Lite, Ferrino Dry-Hike i ORTOVOX Traverse.\" \/>\n<meta property=\"og:url\" content=\"https:\/\/sportano.pl\/blog\/jaki-plecak-40-l-w-gory-wybrac-top10\/\" \/>\n<meta property=\"article:published_time\" content=\"2025-03-28T12:03:06+00:00\" \/>\n<meta property=\"article:modified_time\" content=\"2025-06-18T10:25:40+00:00\" \/>\n<meta property=\"og:image\" content=\"http:\/\/sportano.pl\/blog\/wp-content\/uploads\/2025\/03\/Jaki-plecak-40-l-w-gory-wybrac-TOP10.jpg\" \/>\n\t<meta property=\"og:image:width\" content=\"816\" \/>\n\t<meta property=\"og:image:height\" content=\"426\" \/>\n\t<meta property=\"og:image:type\" content=\"image\/jpeg\" \/>\n<meta name=\"author\" content=\"Sylwia Stwora-Petela\" \/>\n<meta name=\"twitter:card\" content=\"summary_large_image\" \/>\n<meta name=\"twitter:label1\" content=\"Napisane przez\" \/>\n\t<meta name=\"twitter:data1\" content=\"Sylwia Stwora-Petela\" \/>\n\t<meta name=\"twitter:label2\" content=\"Szacowany czas czytania\" \/>\n\t<meta name=\"twitter:data2\" content=\"1 minuta\" \/>\n<!-- \/ Yoast SEO plugin. -->","yoast_head_json":{"title":"Jaki plecak 40 l w g\u00f3ry wybra\u0107? TOP10 - Blog Sportano.pl","description":"Potrzebujesz turystyczny plecak 40 l? Polecamy Gregory Zulu, Tatonka Pyrox, deuter Aircontact Lite, Ferrino Dry-Hike i ORTOVOX Traverse.","robots":{"index":"index","follow":"follow","max-snippet":"max-snippet:-1","max-image-preview":"max-image-preview:large","max-video-preview":"max-video-preview:-1"},"canonical":"https:\/\/sportano.pl\/blog\/jaki-plecak-40-l-w-gory-wybrac-top10\/","og_locale":"pl_PL","og_type":"article","og_title":"Jaki plecak 40 l w g\u00f3ry wybra\u0107? TOP10 - Blog Sportano.pl","og_description":"Potrzebujesz turystyczny plecak 40 l? Polecamy Gregory Zulu, Tatonka Pyrox, deuter Aircontact Lite, Ferrino Dry-Hike i ORTOVOX Traverse.","og_url":"https:\/\/sportano.pl\/blog\/jaki-plecak-40-l-w-gory-wybrac-top10\/","article_published_time":"2025-03-28T12:03:06+00:00","article_modified_time":"2025-06-18T10:25:40+00:00","og_image":[{"width":816,"height":426,"url":"http:\/\/sportano.pl\/blog\/wp-content\/uploads\/2025\/03\/Jaki-plecak-40-l-w-gory-wybrac-TOP10.jpg","type":"image\/jpeg"}],"author":"Sylwia Stwora-Petela","twitter_card":"summary_large_image","twitter_misc":{"Napisane przez":"Sylwia Stwora-Petela","Szacowany czas czytania":"1 minuta"},"schema":{"@context":"https:\/\/schema.org","@graph":[{"@type":"Article","@id":"https:\/\/sportano.pl\/blog\/jaki-plecak-40-l-w-gory-wybrac-top10\/#article","isPartOf":{"@id":"https:\/\/sportano.pl\/blog\/jaki-plecak-40-l-w-gory-wybrac-top10\/"},"author":{"name":"Sylwia Stwora-Petela","@id":"https:\/\/sportano.pl\/blog\/#\/schema\/person\/447e02983a6f3d3d9065df3578f7db52"},"headline":"Jaki plecak 40 l w g\u00f3ry wybra\u0107? TOP10","datePublished":"2025-03-28T12:03:06+00:00","dateModified":"2025-06-18T10:25:40+00:00","mainEntityOfPage":{"@id":"https:\/\/sportano.pl\/blog\/jaki-plecak-40-l-w-gory-wybrac-top10\/"},"wordCount":2246,"publisher":{"@id":"https:\/\/sportano.pl\/blog\/#organization"},"image":{"@id":"https:\/\/sportano.pl\/blog\/jaki-plecak-40-l-w-gory-wybrac-top10\/#primaryimage"},"thumbnailUrl":"https:\/\/sportano.pl\/blog\/wp-content\/uploads\/2025\/03\/Jaki-plecak-40-l-w-gory-wybrac-TOP10.jpg","articleSection":["Wszystko o turystyce"],"inLanguage":"pl-PL"},{"@type":"WebPage","@id":"https:\/\/sportano.pl\/blog\/jaki-plecak-40-l-w-gory-wybrac-top10\/","url":"https:\/\/sportano.pl\/blog\/jaki-plecak-40-l-w-gory-wybrac-top10\/","name":"Jaki plecak 40 l w g\u00f3ry wybra\u0107? TOP10 - Blog Sportano.pl","isPartOf":{"@id":"https:\/\/sportano.pl\/blog\/#website"},"primaryImageOfPage":{"@id":"https:\/\/sportano.pl\/blog\/jaki-plecak-40-l-w-gory-wybrac-top10\/#primaryimage"},"image":{"@id":"https:\/\/sportano.pl\/blog\/jaki-plecak-40-l-w-gory-wybrac-top10\/#primaryimage"},"thumbnailUrl":"https:\/\/sportano.pl\/blog\/wp-content\/uploads\/2025\/03\/Jaki-plecak-40-l-w-gory-wybrac-TOP10.jpg","datePublished":"2025-03-28T12:03:06+00:00","dateModified":"2025-06-18T10:25:40+00:00","description":"Potrzebujesz turystyczny plecak 40 l? Polecamy Gregory Zulu, Tatonka Pyrox, deuter Aircontact Lite, Ferrino Dry-Hike i ORTOVOX Traverse.","breadcrumb":{"@id":"https:\/\/sportano.pl\/blog\/jaki-plecak-40-l-w-gory-wybrac-top10\/#breadcrumb"},"inLanguage":"pl-PL","potentialAction":[{"@type":"ReadAction","target":["https:\/\/sportano.pl\/blog\/jaki-plecak-40-l-w-gory-wybrac-top10\/"]}]},{"@type":"ImageObject","inLanguage":"pl-PL","@id":"https:\/\/sportano.pl\/blog\/jaki-plecak-40-l-w-gory-wybrac-top10\/#primaryimage","url":"https:\/\/sportano.pl\/blog\/wp-content\/uploads\/2025\/03\/Jaki-plecak-40-l-w-gory-wybrac-TOP10.jpg","contentUrl":"https:\/\/sportano.pl\/blog\/wp-content\/uploads\/2025\/03\/Jaki-plecak-40-l-w-gory-wybrac-TOP10.jpg","width":816,"height":426,"caption":"Para z plecakami turystycznymi podziwiaj\u0105ca g\u00f3rskie widoki"},{"@type":"BreadcrumbList","@id":"https:\/\/sportano.pl\/blog\/jaki-plecak-40-l-w-gory-wybrac-top10\/#breadcrumb","itemListElement":[{"@type":"ListItem","position":1,"name":"Strona g\u0142\u00f3wna","item":"https:\/\/sportano.pl\/blog\/"},{"@type":"ListItem","position":2,"name":"Jaki plecak 40 l w g\u00f3ry wybra\u0107? TOP10"}]},{"@type":"WebSite","@id":"https:\/\/sportano.pl\/blog\/#website","url":"https:\/\/sportano.pl\/blog\/","name":"","description":"","publisher":{"@id":"https:\/\/sportano.pl\/blog\/#organization"},"potentialAction":[{"@type":"SearchAction","target":{"@type":"EntryPoint","urlTemplate":"https:\/\/sportano.pl\/blog\/?s={search_term_string}"},"query-input":{"@type":"PropertyValueSpecification","valueRequired":true,"valueName":"search_term_string"}}],"inLanguage":"pl-PL"},{"@type":"Organization","@id":"https:\/\/sportano.pl\/blog\/#organization","name":"Sportano.pl","url":"https:\/\/sportano.pl\/blog\/","logo":{"@type":"ImageObject","inLanguage":"pl-PL","@id":"https:\/\/sportano.pl\/blog\/#\/schema\/logo\/image\/","url":"http:\/\/sportano.pl\/blog\/wp-content\/uploads\/2022\/04\/sportano-blog-logo.png","contentUrl":"http:\/\/sportano.pl\/blog\/wp-content\/uploads\/2022\/04\/sportano-blog-logo.png","width":1200,"height":200,"caption":"Sportano.pl"},"image":{"@id":"https:\/\/sportano.pl\/blog\/#\/schema\/logo\/image\/"}},{"@type":"Person","@id":"https:\/\/sportano.pl\/blog\/#\/schema\/person\/447e02983a6f3d3d9065df3578f7db52","name":"Sylwia Stwora-Petela","image":{"@type":"ImageObject","inLanguage":"pl-PL","@id":"https:\/\/sportano.pl\/blog\/#\/schema\/person\/image\/","url":"https:\/\/sportano.pl\/blog\/wp-content\/uploads\/nsl_avatars\/52d3b69495b3bb32dafd1c9e4d45ef6f.png","contentUrl":"https:\/\/sportano.pl\/blog\/wp-content\/uploads\/nsl_avatars\/52d3b69495b3bb32dafd1c9e4d45ef6f.png","caption":"Sylwia Stwora-Petela"}}]}},"_links":{"self":[{"href":"https:\/\/sportano.pl\/blog\/wp-json\/wp\/v2\/posts\/19576","targetHints":{"allow":["GET"]}}],"collection":[{"href":"https:\/\/sportano.pl\/blog\/wp-json\/wp\/v2\/posts"}],"about":[{"href":"https:\/\/sportano.pl\/blog\/wp-json\/wp\/v2\/types\/post"}],"author":[{"embeddable":true,"href":"https:\/\/sportano.pl\/blog\/wp-json\/wp\/v2\/users\/7"}],"replies":[{"embeddable":true,"href":"https:\/\/sportano.pl\/blog\/wp-json\/wp\/v2\/comments?post=19576"}],"version-history":[{"count":32,"href":"https:\/\/sportano.pl\/blog\/wp-json\/wp\/v2\/posts\/19576\/revisions"}],"predecessor-version":[{"id":19623,"href":"https:\/\/sportano.pl\/blog\/wp-json\/wp\/v2\/posts\/19576\/revisions\/19623"}],"wp:featuredmedia":[{"embeddable":true,"href":"https:\/\/sportano.pl\/blog\/wp-json\/wp\/v2\/media\/19596"}],"wp:attachment":[{"href":"https:\/\/sportano.pl\/blog\/wp-json\/wp\/v2\/media?parent=19576"}],"wp:term":[{"taxonomy":"category","embeddable":true,"href":"https:\/\/sportano.pl\/blog\/wp-json\/wp\/v2\/categories?post=19576"},{"taxonomy":"post_tag","embeddable":true,"href":"https:\/\/sportano.pl\/blog\/wp-json\/wp\/v2\/tags?post=19576"}],"curies":[{"name":"wp","href":"https:\/\/api.w.org\/{rel}","templated":true}]}}