{"id":24922,"date":"2025-09-15T10:16:16","date_gmt":"2025-09-15T10:16:16","guid":{"rendered":"https:\/\/sportano.pl\/blog\/?p=24922"},"modified":"2025-09-15T10:16:17","modified_gmt":"2025-09-15T10:16:17","slug":"kurtki-meskie-przeciwdeszczowe-top10-modeli-na-wyprawy-w-gory-i-do-miasta","status":"publish","type":"post","link":"https:\/\/sportano.pl\/blog\/kurtki-meskie-przeciwdeszczowe-top10-modeli-na-wyprawy-w-gory-i-do-miasta\/","title":{"rendered":"Kurtki m\u0119skie przeciwdeszczowe &#8211; TOP10 modeli na wyprawy w g\u00f3ry i do miasta"},"content":{"rendered":"\n<p><strong>Wystarczy w\u0142a\u015bciwie dobrana kurtka, aby deszcz i wiatr przesta\u0142y by\u0107 problemem podczas outdoorowych aktywno\u015bci. Nasz TOP10 pomo\u017ce Ci wybra\u0107 model, kt\u00f3ry zapewni ochron\u0119 i komfort w ka\u017cdych warunkach pogodowych. Prezentowane kurtki m\u0119skie przeciwdeszczowe \u0142\u0105cz\u0105 wodoodporno\u015b\u0107, oddychalno\u015b\u0107 i komfort noszenia. Jednocze\u015bnie zapewniaj\u0105 swobod\u0119 ruchu i praktyczne rozwi\u0105zania jak regulowany kaptur, kieszenie zamykane na zamek czy lekka, pakowalna konstrukcja.<\/strong><\/p>\n\n\n\n<h2 class=\"wp-block-heading\">M\u0119ska kurtka przeciwdeszczowa The North Face Quest<\/h2>\n\n\n\n<p><a href=\"https:\/\/sportano.pl\/p\/45911\/kurtka-przeciwdeszczowa-meska-the-north-face-quest-black\" target=\"_blank\" rel=\"noreferrer noopener\">The North Face Quest<\/a> jest wyposa\u017cona w <strong>dwuwarstwow\u0105 membran\u0119 DryVent\u2122 (2L)<\/strong> o wodoodporno\u015bci na poziomie <strong>15 000 mm<\/strong>. Skutecznie chroni przed deszczem i wiatrem, a jednocze\u015bnie zapewnia dobr\u0105 oddychalno\u015b\u0107. Dzi\u0119ki <strong>klejonym szwom i hydrofobowej pow\u0142oce DWR <\/strong>(<strong>Durable Water Repellent), <\/strong>wilgo\u0107 nie przedostaje si\u0119 do \u015brodka. Konstrukcja z lekkiego poliestru sprawia, \u017ce <a href=\"https:\/\/sportano.pl\/kurtki-plaszcze-i-bezrekawniki-meskie\/kurtki-przeciwdeszczowe-meskie\" target=\"_blank\" rel=\"noreferrer noopener\">kurtka m\u0119ska przeciwdeszczowa<\/a> jest wygodna i \u0142atwa do spakowania. Jednocze\u015bnie jest wytrzyma\u0142a, co docenisz podczas trekkingu w wymagaj\u0105cych warunkach, jak i w codziennym u\u017cytkowaniu.<\/p>\n\n\n\n<figure class=\"wp-block-image size-full\"><img loading=\"lazy\" decoding=\"async\" width=\"816\" height=\"426\" src=\"https:\/\/sportano.pl\/blog\/wp-content\/uploads\/2025\/09\/meska-kurtka-przeciwdeszczowa-the-north-face-quest-black.jpg\" alt=\"M\u0119ska kurtka przeciwdeszczowa The North Face Quest\" class=\"wp-image-24941\" srcset=\"https:\/\/sportano.pl\/blog\/wp-content\/uploads\/2025\/09\/meska-kurtka-przeciwdeszczowa-the-north-face-quest-black.jpg 816w, https:\/\/sportano.pl\/blog\/wp-content\/uploads\/2025\/09\/meska-kurtka-przeciwdeszczowa-the-north-face-quest-black-300x157.jpg 300w, https:\/\/sportano.pl\/blog\/wp-content\/uploads\/2025\/09\/meska-kurtka-przeciwdeszczowa-the-north-face-quest-black-768x401.jpg 768w, https:\/\/sportano.pl\/blog\/wp-content\/uploads\/2025\/09\/meska-kurtka-przeciwdeszczowa-the-north-face-quest-black-100x52.jpg 100w\" sizes=\"auto, (max-width: 816px) 100vw, 816px\" \/><\/figure>\n\n\n\n<p><strong>Elastyczne mankiety, regulowany d\u00f3\u0142 oraz kaptur<\/strong> pozwalaj\u0105 na idealne dopasowanie kurtki do sylwetki i aktualnych warunk\u00f3w atmosferycznych. Wn\u0119trze wyko\u0144czone przyjemn\u0105 w dotyku podszewk\u0105 siateczkow\u0105 poprawia cyrkulacj\u0119 powietrza, zapobiegaj\u0105c przegrzewaniu si\u0119 organizmu. Dodatkowy komfort zapewnia mi\u0119kkie podszycie w okolicy ko\u0142nierza, kt\u00f3re chroni szyj\u0119 i poprawia wygod\u0119 noszenia. Dwie boczne kieszenie zapinane na zamek pozwalaj\u0105 bezpiecznie przechowa\u0107 niezb\u0119dne drobiazgi.<\/p>\n\n\n\n\n\n\n\n<h2 class=\"wp-block-heading\">Jack Wolfskin kurtka przeciwdeszczowa m\u0119ska Trailtime 2L<\/h2>\n\n\n\n<p>Kurtka <a href=\"https:\/\/sportano.pl\/p\/592563\/kurtka-przeciwdeszczowa-meska-jack-wolfskin-trailtime-2l-midnight-sky\" target=\"_blank\" rel=\"noreferrer noopener\">Jack Wolfskin Trailtime 2L<\/a> bazuje na autorskiej membranie <strong>TEXAPORE CORE 2L<\/strong>. Zapewnia wodoodporno\u015b\u0107 na poziomie <strong>10 000 mm<\/strong> i oddychalno\u015b\u0107 <strong>6 000 g\/m\u00b2\/24h<\/strong>. Dwuwarstwowa konstrukcja  (tkanina zewn\u0119trzna jest trwale po\u0142\u0105czona z membran\u0105 i uzupe\u0142niona o lu\u017an\u0105 podszewk\u0119) gwarantuje wytrzyma\u0142o\u015b\u0107 i wygod\u0119 u\u017cytkowania. <\/p>\n\n\n\n<figure class=\"wp-block-image size-full\"><img loading=\"lazy\" decoding=\"async\" width=\"816\" height=\"426\" src=\"https:\/\/sportano.pl\/blog\/wp-content\/uploads\/2025\/09\/kurtka-przeciwdeszczowa-meska-jack-wolfskin-trailtime-2l-midnight-sky.jpg\" alt=\"Jack Wolfskin kurtka przeciwdeszczowa m\u0119ska Trailtime 2L\" class=\"wp-image-24939\" srcset=\"https:\/\/sportano.pl\/blog\/wp-content\/uploads\/2025\/09\/kurtka-przeciwdeszczowa-meska-jack-wolfskin-trailtime-2l-midnight-sky.jpg 816w, https:\/\/sportano.pl\/blog\/wp-content\/uploads\/2025\/09\/kurtka-przeciwdeszczowa-meska-jack-wolfskin-trailtime-2l-midnight-sky-300x157.jpg 300w, https:\/\/sportano.pl\/blog\/wp-content\/uploads\/2025\/09\/kurtka-przeciwdeszczowa-meska-jack-wolfskin-trailtime-2l-midnight-sky-768x401.jpg 768w, https:\/\/sportano.pl\/blog\/wp-content\/uploads\/2025\/09\/kurtka-przeciwdeszczowa-meska-jack-wolfskin-trailtime-2l-midnight-sky-100x52.jpg 100w\" sizes=\"auto, (max-width: 816px) 100vw, 816px\" \/><\/figure>\n\n\n\n<p>Trailtime 2L posiada regulowany kaptur, kt\u00f3ry pomie\u015bci kask. Zamek g\u0142\u00f3wny chroniony jest <strong>patk\u0105 przeciwdeszczow\u0105<\/strong>. <strong>R\u0119kawy zako\u0144czono regulowanymi mankietami na rzepy<\/strong>, co pozwala dopasowa\u0107 ich szeroko\u015b\u0107 i dodatkowo chroni przed podmuchami wiatru. Praktyczne kieszenie na suwak pomieszcz\u0105 najwa\u017cniejsze drobiazgi podczas spaceru, podr\u00f3\u017cy czy w\u0119dr\u00f3wki. Dzi\u0119ki zastosowaniu recyklingowanego poliestru i certyfikatowi <strong>Fair Wear<\/strong>, kurtka jest te\u017c wyborem przyjaznym \u015brodowisku.<\/p>\n\n\n\n\n\n\n\n<h2 class=\"wp-block-heading\">Kurtka m\u0119ska przeciwdeszczowa Salewa Puez Aqua 4 PTX 2.5L&nbsp;<\/h2>\n\n\n\n<p><a href=\"https:\/\/sportano.pl\/p\/249657\/kurtka-przeciwdeszczowa-meska-salewa-puez-aqua-4-ptx-2-5l-dark-olive-0910\" target=\"_blank\" rel=\"noreferrer noopener\">Salewa Puez Aqua 4 PTX 2.5L<\/a>\u00a0to profesjonalna kurtka trekkingowa dla m\u0119\u017cczyzn wykoanana z wysokiej jako\u015bci materia\u0142u <strong>Powertex<\/strong>. Oferuje wodoodporno\u015b\u0107 na poziomie <strong>10 000 mm<\/strong> oraz oddychalno\u015b\u0107 <strong>10 000 g\/m\u00b2\/24h<\/strong>. Konstrukcja <strong>2,5-warstwowa<\/strong> zapewnia r\u00f3wnowag\u0119 mi\u0119dzy ochron\u0105 przed deszczem i wiatrem a lekko\u015bci\u0105 i \u0142atwo\u015bci\u0105 pakowania. Hydrofobowe wyko\u0144czenie wolne od PFC sprawia, \u017ce woda sp\u0142ywa po powierzchni tkaniny, zamiast w ni\u0105 wsi\u0105ka\u0107. Dzi\u0119ki zastosowaniu materia\u0142u <strong>Ripstop,<\/strong> kurtka jest odporna na uszkodzenia mechaniczne.<\/p>\n\n\n\n<figure class=\"wp-block-image size-full\"><img loading=\"lazy\" decoding=\"async\" width=\"816\" height=\"426\" src=\"https:\/\/sportano.pl\/blog\/wp-content\/uploads\/2025\/09\/kurtka-przeciwdeszczowa-meska-salewa-puez-aqua-4-ptx-2-5l-dark-olive-0910.jpg\" alt=\"Kurtka m\u0119ska przeciwdeszczowa Salewa Puez Aqua 4 PTX 2.5L\u00a0\" class=\"wp-image-24937\" srcset=\"https:\/\/sportano.pl\/blog\/wp-content\/uploads\/2025\/09\/kurtka-przeciwdeszczowa-meska-salewa-puez-aqua-4-ptx-2-5l-dark-olive-0910.jpg 816w, https:\/\/sportano.pl\/blog\/wp-content\/uploads\/2025\/09\/kurtka-przeciwdeszczowa-meska-salewa-puez-aqua-4-ptx-2-5l-dark-olive-0910-300x157.jpg 300w, https:\/\/sportano.pl\/blog\/wp-content\/uploads\/2025\/09\/kurtka-przeciwdeszczowa-meska-salewa-puez-aqua-4-ptx-2-5l-dark-olive-0910-768x401.jpg 768w, https:\/\/sportano.pl\/blog\/wp-content\/uploads\/2025\/09\/kurtka-przeciwdeszczowa-meska-salewa-puez-aqua-4-ptx-2-5l-dark-olive-0910-100x52.jpg 100w\" sizes=\"auto, (max-width: 816px) 100vw, 816px\" \/><\/figure>\n\n\n\n<p>Inne zalety tego modelu to <strong>wodoodporne zamki<\/strong>, <strong>regulowany kaptur z wysok\u0105 st\u00f3jk\u0105 kompatybilny z kaskiem,<\/strong> mankiety zapinane na rzep, \u015bci\u0105gacz w pasie oraz kieszenie zapinane na zamek. Kurtka zosta\u0142a wykonana z materia\u0142\u00f3w przyjaznych \u015brodowisku, co podkre\u015bla odpowiedzialne podej\u015bcie marki <strong>Salewa<\/strong> do produkcji odzie\u017cy outdoorowej.<\/p>\n\n\n\n\n\n\n\n<h2 class=\"wp-block-heading\">Kurtka m\u0119ska przeciwdeszczowa Columbia Watertight II&nbsp;<\/h2>\n\n\n\n<p><a href=\"https:\/\/sportano.pl\/p\/596943\/kurtka-przeciwdeszczowa-meska-columbia-watertight-ii-black\" target=\"_blank\" rel=\"noreferrer noopener\">Columbia Watertight II<\/a>\u00a0z membran\u0105 <strong>Omni-Tech\u2122<\/strong> gwarantuje wodoodporno\u015b\u0107 na poziomie <strong>10 000 mm<\/strong> oraz oddychalno\u015b\u0107 wynosz\u0105c\u0105 <strong>10 000 g\/m\u00b2\/24h<\/strong>. To czyni kurtk\u0119 doskona\u0142ym wyborem na ca\u0142oroczne aktywno\u015bci outdoorowe. Konstrukcja <strong>2L<\/strong>, w pe\u0142ni klejone szwy oraz wytrzyma\u0142y materia\u0142 zewn\u0119trzny skutecznie chroni\u0105 przed deszczem i wiatrem. Jednocze\u015bnie zapobiegaj\u0105 przegrzewaniu organizmu podczas intensywnego wysi\u0142ku.\u00a0<\/p>\n\n\n\n<figure class=\"wp-block-image size-full\"><img loading=\"lazy\" decoding=\"async\" width=\"816\" height=\"426\" src=\"https:\/\/sportano.pl\/blog\/wp-content\/uploads\/2025\/09\/kurtka-przeciwdeszczowa-meska-columbia-watertight-ii-black.jpg\" alt=\"Kurtka m\u0119ska przeciwdeszczowa Columbia Watertight II\u00a0\" class=\"wp-image-24934\" srcset=\"https:\/\/sportano.pl\/blog\/wp-content\/uploads\/2025\/09\/kurtka-przeciwdeszczowa-meska-columbia-watertight-ii-black.jpg 816w, https:\/\/sportano.pl\/blog\/wp-content\/uploads\/2025\/09\/kurtka-przeciwdeszczowa-meska-columbia-watertight-ii-black-300x157.jpg 300w, https:\/\/sportano.pl\/blog\/wp-content\/uploads\/2025\/09\/kurtka-przeciwdeszczowa-meska-columbia-watertight-ii-black-768x401.jpg 768w, https:\/\/sportano.pl\/blog\/wp-content\/uploads\/2025\/09\/kurtka-przeciwdeszczowa-meska-columbia-watertight-ii-black-100x52.jpg 100w\" sizes=\"auto, (max-width: 816px) 100vw, 816px\" \/><\/figure>\n\n\n\n<p><strong>Zintegrowany kaptur<\/strong> z mo\u017cliwo\u015bci\u0105 regulacji zapewnia pe\u0142n\u0105 ochron\u0119 g\u0142owy. Kr\u00f3j <strong>regular fit <\/strong>nie kr\u0119puje ruch\u00f3w. <strong>Regulowane mankiety na rzepy<\/strong> i <strong>\u015bci\u0105gacz w pasie<\/strong> umo\u017cliwiaj\u0105 optymalne dopasowanie kurtki do sylwetki. Model wyposa\u017cono tak\u017ce w praktyczne kieszenie zapinane na zamki.<\/p>\n\n\n\n<h2 class=\"wp-block-heading\">Kurtka przeciwdeszczowa m\u0119ska Patagonia Torrentshell 3L Rain<\/h2>\n\n\n\n<p><a href=\"https:\/\/sportano.pl\/p\/735809\/kurtka-przeciwdeszczowa-meska-patagonia-torrentshell-3l-rain-clement-blue\" target=\"_blank\" rel=\"noreferrer noopener\">Patagonia Torrentshell 3L Rain<\/a> to m\u0119ska kurtka przeciwdeszczowa zaprojektowana z my\u015bl\u0105 o ca\u0142orocznym u\u017cytkowaniu i zmiennej pogodzie. Dzi\u0119ki zastosowaniu membrany <strong>H2No\u00ae Performance<\/strong> o parametrach <strong>10 000 mm wodoodporno\u015bci<\/strong> oraz \u015bwietnej oddychalno\u015bci, skutecznie chroni przed deszczem, a jednocze\u015bnie pozwala sk\u00f3rze swobodnie oddycha\u0107. Tr\u00f3jwarstwowa konstrukcja (<strong>3L<\/strong>) \u0142\u0105czy tkanin\u0119 zewn\u0119trzn\u0105, membran\u0119 i wewn\u0119trzn\u0105 podszewk\u0119, co przek\u0142ada si\u0119 na jeszcze wi\u0119ksz\u0105 trwa\u0142o\u015b\u0107 i komfort u\u017cytkowania. Waga kurtki wynosi jedynie <strong>400 g<\/strong>, wi\u0119c \u0142atwo zmie\u015bci si\u0119 w plecaku, stanowi\u0105c niezb\u0119dne zabezpieczenie w trakcie trekkingu czy podr\u00f3\u017cy.<\/p>\n\n\n\n<figure class=\"wp-block-image size-full\"><img loading=\"lazy\" decoding=\"async\" width=\"816\" height=\"426\" src=\"https:\/\/sportano.pl\/blog\/wp-content\/uploads\/2025\/09\/kurtka-przeciwdeszczowa-meska-patagonia-torrentshell-3l-rain-clement-blue.jpg\" alt=\"Kurtka przeciwdeszczowa m\u0119ska Patagonia Torrentshell 3L Rain\" class=\"wp-image-24936\" srcset=\"https:\/\/sportano.pl\/blog\/wp-content\/uploads\/2025\/09\/kurtka-przeciwdeszczowa-meska-patagonia-torrentshell-3l-rain-clement-blue.jpg 816w, https:\/\/sportano.pl\/blog\/wp-content\/uploads\/2025\/09\/kurtka-przeciwdeszczowa-meska-patagonia-torrentshell-3l-rain-clement-blue-300x157.jpg 300w, https:\/\/sportano.pl\/blog\/wp-content\/uploads\/2025\/09\/kurtka-przeciwdeszczowa-meska-patagonia-torrentshell-3l-rain-clement-blue-768x401.jpg 768w, https:\/\/sportano.pl\/blog\/wp-content\/uploads\/2025\/09\/kurtka-przeciwdeszczowa-meska-patagonia-torrentshell-3l-rain-clement-blue-100x52.jpg 100w\" sizes=\"auto, (max-width: 816px) 100vw, 816px\" \/><\/figure>\n\n\n\n<p>Wodoodporne zamki, regulowany kaptur z wysok\u0105 st\u00f3jk\u0105, mankiety zapinane na rzepy oraz \u015bci\u0105gacz w pasie pozwalaj\u0105 dopasowa\u0107 kurtk\u0119 do sylwetki i chroni\u0107 przed nieprzyjemnymi podmuchami wiatru. Materia\u0142 wykorzystany w produkcji pochodzi z recyklingu (<strong>ECONYL\u00ae<\/strong>) oraz oferuje wyko\u0144czenie <strong>DWR<\/strong> wolne od PFC. Certyfikat <strong>Fair Trade<\/strong> dodatkowo potwierdza odpowiedzialno\u015b\u0107 ekologiczn\u0105 i etyczn\u0105 marki <strong>Patagonia<\/strong>.<\/p>\n\n\n\n\n\n\n\n<h2 class=\"wp-block-heading\">M\u0119ska kurtka przeciwdeszczowa Helly Hansen Dubliner<\/h2>\n\n\n\n<p><a href=\"https:\/\/sportano.pl\/p\/472671\/kurtka-przeciwdeszczowa-meska-helly-hansen-dubliner-utility-green\">Helly Hansen Dubliner<\/a> wykorzystuje technologi\u0119 <strong>HELLY TECH\u00ae Protection<\/strong>. Dzi\u0119ki temu zapewnia pe\u0142n\u0105 ochron\u0119 przed deszczem, wiatrem i jednocze\u015bnie oddycha, dbaj\u0105c o komfort termiczny. Parametry membrany to <strong>5000 mm wodoodporno\u015bci i 5000 g\/m\u00b2\/24h oddychalno\u015bci<\/strong>. Dodatkowe zabezpieczenie stanowi <strong>hydrofobowa po\u0142owa DWR<\/strong> oraz <strong>w pe\u0142ni klejone szwy<\/strong>, kt\u00f3re zapobiegaj\u0105 przeciekaniu w newralgicznych miejscach.<\/p>\n\n\n\n<figure class=\"wp-block-image size-full\"><img loading=\"lazy\" decoding=\"async\" width=\"816\" height=\"426\" src=\"https:\/\/sportano.pl\/blog\/wp-content\/uploads\/2025\/09\/kurtka-przeciwdeszczowa-meska-helly-hansen-dubliner-utility-green.jpg\" alt=\"M\u0119ska kurtka przeciwdeszczowa Helly Hansen Dubliner\" class=\"wp-image-24932\" srcset=\"https:\/\/sportano.pl\/blog\/wp-content\/uploads\/2025\/09\/kurtka-przeciwdeszczowa-meska-helly-hansen-dubliner-utility-green.jpg 816w, https:\/\/sportano.pl\/blog\/wp-content\/uploads\/2025\/09\/kurtka-przeciwdeszczowa-meska-helly-hansen-dubliner-utility-green-300x157.jpg 300w, https:\/\/sportano.pl\/blog\/wp-content\/uploads\/2025\/09\/kurtka-przeciwdeszczowa-meska-helly-hansen-dubliner-utility-green-768x401.jpg 768w, https:\/\/sportano.pl\/blog\/wp-content\/uploads\/2025\/09\/kurtka-przeciwdeszczowa-meska-helly-hansen-dubliner-utility-green-100x52.jpg 100w\" sizes=\"auto, (max-width: 816px) 100vw, 816px\" \/><\/figure>\n\n\n\n<p><strong>Regulowany kaptur<\/strong> zintegrowany z wysokim ko\u0142nierzem skutecznie zabezpiecza g\u0142ow\u0119 i szyj\u0119 w czasie intensywnych opad\u00f3w czy podmuch\u00f3w wiatru. <strong>Zamek b\u0142yskawiczny YKK\u00ae<\/strong> z patk\u0105 sztormow\u0105 chroni przed przedostawaniem si\u0119 wody od frontu. <strong>Regulowane mankiety na rzepy i \u015bci\u0105gacz w pasie<\/strong> umo\u017cliwiaj\u0105 idealne dopasowanie do sylwetki, zwi\u0119kszaj\u0105c komfort u\u017cytkowania. Model ma tak\u017ce praktyczne kieszenie zapinane na zamki. Kurtka jest tak\u017ce przyjazna \u015brodowisku. Spe\u0142nia normy <strong>bluesign\u00ae<\/strong>, co potwierdza bezpieczny proces produkcji i odpowiedzialne pozyskiwanie materia\u0142\u00f3w.<\/p>\n\n\n\n<h2 class=\"wp-block-heading\">Przeciwdeszczowa kurtka m\u0119ska The North Face Antora<\/h2>\n\n\n\n<p>Dzi\u0119ki 2-warstwowej membranie <strong>DryVent\u2122<\/strong> o wodoodporno\u015bci <strong>15 000 mm<\/strong>, <a href=\"https:\/\/sportano.pl\/p\/626077\/kurtka-przeciwdeszczowa-meska-the-north-face-antora-tnf-black-npf\" target=\"_blank\" rel=\"noreferrer noopener\">The North Face Antora<\/a> skutecznie zabezpiecza przed intensywnymi opadami, jednocze\u015bnie zapewniaj\u0105c odpowiedni\u0105 oddychalno\u015b\u0107. Ca\u0142o\u015b\u0107 uzupe\u0142nia pow\u0142oka <strong>DWR<\/strong>, dzi\u0119ki kt\u00f3rej woda nie wsi\u0105ka w g\u0142\u0105b materia\u0142u.<\/p>\n\n\n\n<figure class=\"wp-block-image size-full\"><img loading=\"lazy\" decoding=\"async\" width=\"816\" height=\"426\" src=\"https:\/\/sportano.pl\/blog\/wp-content\/uploads\/2025\/09\/kurtka-przeciwdeszczowa-meska-the-north-face-antora-tnf-black-npf.jpg\" alt=\"Przeciwdeszczowa kurtka m\u0119ska The North Face Antora\" class=\"wp-image-24930\" srcset=\"https:\/\/sportano.pl\/blog\/wp-content\/uploads\/2025\/09\/kurtka-przeciwdeszczowa-meska-the-north-face-antora-tnf-black-npf.jpg 816w, https:\/\/sportano.pl\/blog\/wp-content\/uploads\/2025\/09\/kurtka-przeciwdeszczowa-meska-the-north-face-antora-tnf-black-npf-300x157.jpg 300w, https:\/\/sportano.pl\/blog\/wp-content\/uploads\/2025\/09\/kurtka-przeciwdeszczowa-meska-the-north-face-antora-tnf-black-npf-768x401.jpg 768w, https:\/\/sportano.pl\/blog\/wp-content\/uploads\/2025\/09\/kurtka-przeciwdeszczowa-meska-the-north-face-antora-tnf-black-npf-100x52.jpg 100w\" sizes=\"auto, (max-width: 816px) 100vw, 816px\" \/><\/figure>\n\n\n\n<p>Projektanci zadbali o detale, kt\u00f3re podnosz\u0105 wygod\u0119 u\u017cytkowania i sprawiaj\u0105, \u017ce kurtka jest praktyczna zar\u00f3wno podczas trekkingu, g\u00f3rskich w\u0119dr\u00f3wek, jak i w codziennym noszeniu. <strong>Zintegrowany kaptur z regulacj\u0105<\/strong> gwarantuje pe\u0142n\u0105 ochron\u0119 g\u0142owy. Elastyczne mankiety oraz regularny kr\u00f3j zapobiegaj\u0105 podwiewaniu wiatru i pozwalaj\u0105 na swobod\u0119 ruch\u00f3w. Do tego ta kurtka m\u0119ska zosta\u0142a wykonana z materia\u0142\u00f3w z recyklingu, co wpisuje si\u0119 w proekologiczne standardy marki <strong>The North Face<\/strong>.<\/p>\n\n\n\n<h2 class=\"wp-block-heading\">M\u0119ska kurtka przeciwdeszczowa Helly Hansen Loke<\/h2>\n\n\n\n<p><a href=\"https:\/\/sportano.pl\/p\/374814\/kurtka-przeciwdeszczowa-meska-helly-hansen-loke-cobalt-2-0\" target=\"_blank\" rel=\"noreferrer noopener\">Helly Hansen Loke<\/a> to lekka i wszechstronna kurtka przeciwdeszczowa z membran\u0105 <strong>HELLY TECH\u00ae PERFORMANCE<\/strong> o wodoodporno\u015bci <strong>5 000 mm<\/strong> i oddychalno\u015bci <strong>5 000 g\/m\u00b2\/24h<\/strong>. Model ten skutecznie zabezpiecza przed deszczem i wiatrem, jednocze\u015bnie umo\u017cliwiaj\u0105c sk\u00f3rze swobodne oddychanie podczas wysi\u0142ku. W pe\u0142ni klejone szwy oraz hydrofobowe wyko\u0144czenie <strong>DWR<\/strong> dodatkowo zwi\u0119kszaj\u0105 poziom ochrony w wilgotnych warunkach.<\/p>\n\n\n\n<figure class=\"wp-block-image size-full\"><img loading=\"lazy\" decoding=\"async\" width=\"816\" height=\"426\" src=\"https:\/\/sportano.pl\/blog\/wp-content\/uploads\/2025\/09\/kurtka-przeciwdeszczowa-meska-helly-hansen-loke-red.jpg\" alt=\"M\u0119ska kurtka przeciwdeszczowa Helly Hansen Loke\" class=\"wp-image-24926\" srcset=\"https:\/\/sportano.pl\/blog\/wp-content\/uploads\/2025\/09\/kurtka-przeciwdeszczowa-meska-helly-hansen-loke-red.jpg 816w, https:\/\/sportano.pl\/blog\/wp-content\/uploads\/2025\/09\/kurtka-przeciwdeszczowa-meska-helly-hansen-loke-red-300x157.jpg 300w, https:\/\/sportano.pl\/blog\/wp-content\/uploads\/2025\/09\/kurtka-przeciwdeszczowa-meska-helly-hansen-loke-red-768x401.jpg 768w, https:\/\/sportano.pl\/blog\/wp-content\/uploads\/2025\/09\/kurtka-przeciwdeszczowa-meska-helly-hansen-loke-red-100x52.jpg 100w\" sizes=\"auto, (max-width: 816px) 100vw, 816px\" \/><\/figure>\n\n\n\n<p><strong>Regulowany kaptur<\/strong> skutecznie os\u0142ania przed opadami i podmuchami wiatru<strong>. Regulowane mankiety<\/strong> i <strong>\u015bci\u0105gacz w pasie<\/strong> pozwalaj\u0105 precyzyjnie dopasowa\u0107 kurtk\u0119 do sylwetki i warunk\u00f3w pogodowych. Pod pachami znajduj\u0105 si\u0119 <strong>otwory wentylacyjne<\/strong>, kt\u00f3re pomagaj\u0105 szybko odprowadzi\u0107 nadmiar ciep\u0142a przy intensywnym wysi\u0142ku, zapobiegaj\u0105c przegrzewaniu. Kurtka posiada r\u00f3wnie\u017c dwie zewn\u0119trzne kieszenie zapinane na zamek oraz wewn\u0119trzn\u0105 kieszonk\u0119. Helly Hansen Loke to model przyjazny \u015brodowisku &#8211; wykonany z bezpiecznych materia\u0142\u00f3w wolnych od PFC oraz certyfikowany znakiem <strong>bluesign\u00ae<\/strong>.<\/p>\n\n\n\n\n\n\n\n<h2 class=\"wp-block-heading\">Kurtka przeciwdeszczowa m\u0119ska KADVA Forest<\/h2>\n\n\n\n<p><a href=\"https:\/\/sportano.pl\/p\/655855\/kurtka-przeciwdeszczowa-meska-kadva-forest-czarny\" target=\"_blank\" rel=\"noreferrer noopener\">KADVA Forest<\/a> to propozycja dla m\u0119\u017cczyzn, kt\u00f3rzy oczekuj\u0105 skutecznej ochrony przed deszczem i wiatrem w po\u0142\u0105czeniu z funkcjonalno\u015bci\u0105 w outdoorze i na co dzie\u0144. Kurtka oferuje <strong>dwuwarstwow\u0105<\/strong> <strong>membran\u0119 o wodoodporno\u015bci 10 000 mm<\/strong> oraz oddychalno\u015b\u0107 na poziomie <strong>10 000 g\/m\u00b2\/24h<\/strong>. To pozwala na komfortowe u\u017cytkowanie nawet przy wi\u0119kszym wysi\u0142ku. Pow\u0142oka DWR, wodoodporne zamki oraz w pe\u0142ni klejone szwy stanowi\u0105 dodatkowe zabezpieczenie przed wilgoci\u0105.<\/p>\n\n\n\n<figure class=\"wp-block-image size-full\"><img loading=\"lazy\" decoding=\"async\" width=\"816\" height=\"426\" src=\"https:\/\/sportano.pl\/blog\/wp-content\/uploads\/2025\/09\/kurtka-przeciwdeszczowa-meska-kadva-forest-czarny.jpg\" alt=\"Kurtka przeciwdeszczowa m\u0119ska KADVA Forest\" class=\"wp-image-24928\" srcset=\"https:\/\/sportano.pl\/blog\/wp-content\/uploads\/2025\/09\/kurtka-przeciwdeszczowa-meska-kadva-forest-czarny.jpg 816w, https:\/\/sportano.pl\/blog\/wp-content\/uploads\/2025\/09\/kurtka-przeciwdeszczowa-meska-kadva-forest-czarny-300x157.jpg 300w, https:\/\/sportano.pl\/blog\/wp-content\/uploads\/2025\/09\/kurtka-przeciwdeszczowa-meska-kadva-forest-czarny-768x401.jpg 768w, https:\/\/sportano.pl\/blog\/wp-content\/uploads\/2025\/09\/kurtka-przeciwdeszczowa-meska-kadva-forest-czarny-100x52.jpg 100w\" sizes=\"auto, (max-width: 816px) 100vw, 816px\" \/><\/figure>\n\n\n\n<p>Model <strong>Forest<\/strong> w ca\u0142o\u015bci wykonano z poliestru, co zapewnia lekko\u015b\u0107 i odporno\u015b\u0107 na zu\u017cycie. Regulowany kaptur, mankiety na rzepy i elastyczny \u015bci\u0105gacz w pasie pozwalaj\u0105 dostosowa\u0107 kurtk\u0119 do sylwetki oraz zmiennej pogody. Dzi\u0119ki krojowi <strong>regular fit<\/strong>, pod sp\u00f3d mo\u017cna swobodnie za\u0142o\u017cy\u0107 dodatkow\u0105 warstw\u0119 odzie\u017cy. To czyni kurtk\u0119 wszechstronnym wyborem na r\u00f3\u017cne pory roku. Ponadto mamy tu pojemne kieszenie z wodoodpornymi zamkami oraz <strong>elementy odblaskowe<\/strong>, zwi\u0119kszaj\u0105ce widoczno\u015b\u0107 po zmroku i w s\u0142abych warunkach o\u015bwietleniowych.<\/p>\n\n\n\n<h2 class=\"wp-block-heading\">Kurtka przeciwdeszczowa m\u0119ska Columbia Pouring Adventure III<\/h2>\n\n\n\n<p><a href=\"https:\/\/sportano.pl\/p\/609078\/kurtka-przeciwdeszczowa-meska-columbia-pouring-adventure-iii-spice-tuscan\" target=\"_blank\" rel=\"noreferrer noopener\">Columbia Pouring Adventure III<\/a> to idealny wyb\u00f3r dla m\u0119\u017cczyzn, kt\u00f3rzy szukaj\u0105 lekkiej, kompaktowej i niezawodnej kurtki przeciwdeszczowej, sprawdzaj\u0105cej si\u0119 zar\u00f3wno na szlaku, jak i w codziennym u\u017cytkowaniu. Wykonana z wytrzyma\u0142ej tkaniny <strong>Ripstop<\/strong> i wyposa\u017cona w membran\u0119 <strong>Omni-Tech\u2122<\/strong>, oferuje wodoodporno\u015b\u0107 na poziomie <strong>10 000 mm<\/strong>, a przy tym zapewnia wysok\u0105 oddychalno\u015b\u0107. W pe\u0142ni klejone szwy dodatkowo zabezpieczaj\u0105 przed przeciekaniem, gwarantuj\u0105c pe\u0142n\u0105 ochron\u0119 nawet przy intensywnych opadach.<\/p>\n\n\n\n<figure class=\"wp-block-image size-full\"><img loading=\"lazy\" decoding=\"async\" width=\"816\" height=\"426\" src=\"https:\/\/sportano.pl\/blog\/wp-content\/uploads\/2025\/09\/kurtka-przeciwdeszczowa-meska-columbia-pouring-adventure-iii-spice-tuscan.jpg\" alt=\"Kurtka przeciwdeszczowa m\u0119ska Columbia Pouring Adventure III\" class=\"wp-image-24924\" srcset=\"https:\/\/sportano.pl\/blog\/wp-content\/uploads\/2025\/09\/kurtka-przeciwdeszczowa-meska-columbia-pouring-adventure-iii-spice-tuscan.jpg 816w, https:\/\/sportano.pl\/blog\/wp-content\/uploads\/2025\/09\/kurtka-przeciwdeszczowa-meska-columbia-pouring-adventure-iii-spice-tuscan-300x157.jpg 300w, https:\/\/sportano.pl\/blog\/wp-content\/uploads\/2025\/09\/kurtka-przeciwdeszczowa-meska-columbia-pouring-adventure-iii-spice-tuscan-768x401.jpg 768w, https:\/\/sportano.pl\/blog\/wp-content\/uploads\/2025\/09\/kurtka-przeciwdeszczowa-meska-columbia-pouring-adventure-iii-spice-tuscan-100x52.jpg 100w\" sizes=\"auto, (max-width: 816px) 100vw, 816px\" \/><\/figure>\n\n\n\n<p>Kurtka m\u0119ska Columbia posiada <strong>regulowany kaptur<\/strong>, mankiety z elastycznym wyko\u0144czeniem i mo\u017cliwo\u015bci\u0105 regulacji rzepem. Dzi\u0119ki \u015bci\u0105gaczowi w pasie, model dobrze uk\u0142ada si\u0119 na sylwetce, co zapobiega podwiewaniu wiatru i zwi\u0119ksza wygod\u0119 noszenia. Kr\u00f3j <strong>active fit<\/strong> sprawia, \u017ce kurtka nie kr\u0119puje ruch\u00f3w i \u015bwietnie sprawdzi si\u0119 zar\u00f3wno podczas intensywnego trekkingu, jak i miejskiego spaceru. Zalet\u0105 Pouring Adventure III jest <strong>mo\u017cliwo\u015b\u0107 spakowania do w\u0142asnej kieszeni<\/strong>.<\/p>\n\n\n\n<p>Przeczytaj tak\u017ce:<\/p>\n\n\n\n<ul class=\"wp-block-list\">\n<li><a href=\"https:\/\/sportano.pl\/blog\/jaka-kurtke-przeciwdeszczowa-kupic-najlepsze-kurtki-w-gory-do-biegania-i-na-rower\/\" target=\"_blank\" rel=\"noreferrer noopener\">Jaka kurtka przeciwdeszczowa<\/a><\/li>\n\n\n\n<li><a href=\"https:\/\/sportano.pl\/blog\/niezawodne-kurtki-przeciwdeszczowe-damskie-w-gory-i-na-co-dzien-top12\/\" target=\"_blank\" rel=\"noreferrer noopener\">Niezawodne kurtki przeciwdeszczowe damskie &#8211; TOP12<\/a><\/li>\n<\/ul>\n<div id=\"synerise-rekomendacje\" class=\"synerise\"><\/div>","protected":false},"excerpt":{"rendered":"<p>Wystarczy w\u0142a\u015bciwie dobrana kurtka, aby deszcz i wiatr przesta\u0142y by\u0107 problemem podczas outdoorowych aktywno\u015bci. Nasz TOP10 pomo\u017ce Ci wybra\u0107 model, kt\u00f3ry zapewni ochron\u0119 i komfort w ka\u017cdych warunkach pogodowych. Prezentowane kurtki m\u0119skie przeciwdeszczowe \u0142\u0105cz\u0105 wodoodporno\u015b\u0107, oddychalno\u015b\u0107 i komfort noszenia. Jednocze\u015bnie zapewniaj\u0105 swobod\u0119 ruchu i praktyczne rozwi\u0105zania jak regulowany kaptur, kieszenie zamykane na zamek czy lekka, [&hellip;]<\/p>\n","protected":false},"author":7,"featured_media":24947,"comment_status":"closed","ping_status":"closed","sticky":false,"template":"","format":"standard","meta":{"_acf_changed":false,"footnotes":""},"categories":[11],"tags":[],"class_list":["post-24922","post","type-post","status-publish","format-standard","has-post-thumbnail","hentry","category-turystyka"],"acf":[],"yoast_head":"<!-- This site is optimized with the Yoast SEO plugin v27.1.1 - https:\/\/yoast.com\/product\/yoast-seo-wordpress\/ -->\n<title>Kurtki m\u0119skie przeciwdeszczowe - TOP10 modeli na wyprawy w g\u00f3ry i do miasta - Blog Sportano.pl<\/title>\n<meta name=\"description\" content=\"Kurtki m\u0119skie przeciwdeszczowe - TOP10 modeli, kt\u00f3re zapewni\u0105 komfort i ochron\u0119 przed deszczem w g\u00f3rach i na co dzie\u0144.\" \/>\n<meta name=\"robots\" content=\"index, follow, max-snippet:-1, max-image-preview:large, max-video-preview:-1\" \/>\n<link rel=\"canonical\" href=\"https:\/\/sportano.pl\/blog\/kurtki-meskie-przeciwdeszczowe-top10-modeli-na-wyprawy-w-gory-i-do-miasta\/\" \/>\n<meta property=\"og:locale\" content=\"pl_PL\" \/>\n<meta property=\"og:type\" content=\"article\" \/>\n<meta property=\"og:title\" content=\"Kurtki m\u0119skie przeciwdeszczowe - TOP10 modeli na wyprawy w g\u00f3ry i do miasta - Blog Sportano.pl\" \/>\n<meta property=\"og:description\" content=\"Kurtki m\u0119skie przeciwdeszczowe - TOP10 modeli, kt\u00f3re zapewni\u0105 komfort i ochron\u0119 przed deszczem w g\u00f3rach i na co dzie\u0144.\" \/>\n<meta property=\"og:url\" content=\"https:\/\/sportano.pl\/blog\/kurtki-meskie-przeciwdeszczowe-top10-modeli-na-wyprawy-w-gory-i-do-miasta\/\" \/>\n<meta property=\"article:published_time\" content=\"2025-09-15T10:16:16+00:00\" \/>\n<meta property=\"article:modified_time\" content=\"2025-09-15T10:16:17+00:00\" \/>\n<meta property=\"og:image\" content=\"http:\/\/sportano.pl\/blog\/wp-content\/uploads\/2025\/09\/kurtki-meskie-przeciwdeszczowe-top10.jpg\" \/>\n\t<meta property=\"og:image:width\" content=\"816\" \/>\n\t<meta property=\"og:image:height\" content=\"426\" \/>\n\t<meta property=\"og:image:type\" content=\"image\/jpeg\" \/>\n<meta name=\"author\" content=\"Sylwia Stwora-Petela\" \/>\n<meta name=\"twitter:card\" content=\"summary_large_image\" \/>\n<meta name=\"twitter:label1\" content=\"Napisane przez\" \/>\n\t<meta name=\"twitter:data1\" content=\"Sylwia Stwora-Petela\" \/>\n\t<meta name=\"twitter:label2\" content=\"Szacowany czas czytania\" \/>\n\t<meta name=\"twitter:data2\" content=\"11 minut\" \/>\n<!-- \/ Yoast SEO plugin. -->","yoast_head_json":{"title":"Kurtki m\u0119skie przeciwdeszczowe - TOP10 modeli na wyprawy w g\u00f3ry i do miasta - Blog Sportano.pl","description":"Kurtki m\u0119skie przeciwdeszczowe - TOP10 modeli, kt\u00f3re zapewni\u0105 komfort i ochron\u0119 przed deszczem w g\u00f3rach i na co dzie\u0144.","robots":{"index":"index","follow":"follow","max-snippet":"max-snippet:-1","max-image-preview":"max-image-preview:large","max-video-preview":"max-video-preview:-1"},"canonical":"https:\/\/sportano.pl\/blog\/kurtki-meskie-przeciwdeszczowe-top10-modeli-na-wyprawy-w-gory-i-do-miasta\/","og_locale":"pl_PL","og_type":"article","og_title":"Kurtki m\u0119skie przeciwdeszczowe - TOP10 modeli na wyprawy w g\u00f3ry i do miasta - Blog Sportano.pl","og_description":"Kurtki m\u0119skie przeciwdeszczowe - TOP10 modeli, kt\u00f3re zapewni\u0105 komfort i ochron\u0119 przed deszczem w g\u00f3rach i na co dzie\u0144.","og_url":"https:\/\/sportano.pl\/blog\/kurtki-meskie-przeciwdeszczowe-top10-modeli-na-wyprawy-w-gory-i-do-miasta\/","article_published_time":"2025-09-15T10:16:16+00:00","article_modified_time":"2025-09-15T10:16:17+00:00","og_image":[{"width":816,"height":426,"url":"http:\/\/sportano.pl\/blog\/wp-content\/uploads\/2025\/09\/kurtki-meskie-przeciwdeszczowe-top10.jpg","type":"image\/jpeg"}],"author":"Sylwia Stwora-Petela","twitter_card":"summary_large_image","twitter_misc":{"Napisane przez":"Sylwia Stwora-Petela","Szacowany czas czytania":"11 minut"},"schema":{"@context":"https:\/\/schema.org","@graph":[{"@type":"Article","@id":"https:\/\/sportano.pl\/blog\/kurtki-meskie-przeciwdeszczowe-top10-modeli-na-wyprawy-w-gory-i-do-miasta\/#article","isPartOf":{"@id":"https:\/\/sportano.pl\/blog\/kurtki-meskie-przeciwdeszczowe-top10-modeli-na-wyprawy-w-gory-i-do-miasta\/"},"author":{"name":"Sylwia Stwora-Petela","@id":"https:\/\/sportano.pl\/blog\/#\/schema\/person\/447e02983a6f3d3d9065df3578f7db52"},"headline":"Kurtki m\u0119skie przeciwdeszczowe &#8211; TOP10 modeli na wyprawy w g\u00f3ry i do miasta","datePublished":"2025-09-15T10:16:16+00:00","dateModified":"2025-09-15T10:16:17+00:00","mainEntityOfPage":{"@id":"https:\/\/sportano.pl\/blog\/kurtki-meskie-przeciwdeszczowe-top10-modeli-na-wyprawy-w-gory-i-do-miasta\/"},"wordCount":1550,"publisher":{"@id":"https:\/\/sportano.pl\/blog\/#organization"},"image":{"@id":"https:\/\/sportano.pl\/blog\/kurtki-meskie-przeciwdeszczowe-top10-modeli-na-wyprawy-w-gory-i-do-miasta\/#primaryimage"},"thumbnailUrl":"https:\/\/sportano.pl\/blog\/wp-content\/uploads\/2025\/09\/kurtki-meskie-przeciwdeszczowe-top10.jpg","articleSection":["Wszystko o turystyce"],"inLanguage":"pl-PL"},{"@type":"WebPage","@id":"https:\/\/sportano.pl\/blog\/kurtki-meskie-przeciwdeszczowe-top10-modeli-na-wyprawy-w-gory-i-do-miasta\/","url":"https:\/\/sportano.pl\/blog\/kurtki-meskie-przeciwdeszczowe-top10-modeli-na-wyprawy-w-gory-i-do-miasta\/","name":"Kurtki m\u0119skie przeciwdeszczowe - TOP10 modeli na wyprawy w g\u00f3ry i do miasta - Blog Sportano.pl","isPartOf":{"@id":"https:\/\/sportano.pl\/blog\/#website"},"primaryImageOfPage":{"@id":"https:\/\/sportano.pl\/blog\/kurtki-meskie-przeciwdeszczowe-top10-modeli-na-wyprawy-w-gory-i-do-miasta\/#primaryimage"},"image":{"@id":"https:\/\/sportano.pl\/blog\/kurtki-meskie-przeciwdeszczowe-top10-modeli-na-wyprawy-w-gory-i-do-miasta\/#primaryimage"},"thumbnailUrl":"https:\/\/sportano.pl\/blog\/wp-content\/uploads\/2025\/09\/kurtki-meskie-przeciwdeszczowe-top10.jpg","datePublished":"2025-09-15T10:16:16+00:00","dateModified":"2025-09-15T10:16:17+00:00","description":"Kurtki m\u0119skie przeciwdeszczowe - TOP10 modeli, kt\u00f3re zapewni\u0105 komfort i ochron\u0119 przed deszczem w g\u00f3rach i na co dzie\u0144.","breadcrumb":{"@id":"https:\/\/sportano.pl\/blog\/kurtki-meskie-przeciwdeszczowe-top10-modeli-na-wyprawy-w-gory-i-do-miasta\/#breadcrumb"},"inLanguage":"pl-PL","potentialAction":[{"@type":"ReadAction","target":["https:\/\/sportano.pl\/blog\/kurtki-meskie-przeciwdeszczowe-top10-modeli-na-wyprawy-w-gory-i-do-miasta\/"]}]},{"@type":"ImageObject","inLanguage":"pl-PL","@id":"https:\/\/sportano.pl\/blog\/kurtki-meskie-przeciwdeszczowe-top10-modeli-na-wyprawy-w-gory-i-do-miasta\/#primaryimage","url":"https:\/\/sportano.pl\/blog\/wp-content\/uploads\/2025\/09\/kurtki-meskie-przeciwdeszczowe-top10.jpg","contentUrl":"https:\/\/sportano.pl\/blog\/wp-content\/uploads\/2025\/09\/kurtki-meskie-przeciwdeszczowe-top10.jpg","width":816,"height":426,"caption":"M\u0119\u017cczyzna w kurtce przeciwdeszczowej w\u0119druje po g\u00f3rskim szlaku"},{"@type":"BreadcrumbList","@id":"https:\/\/sportano.pl\/blog\/kurtki-meskie-przeciwdeszczowe-top10-modeli-na-wyprawy-w-gory-i-do-miasta\/#breadcrumb","itemListElement":[{"@type":"ListItem","position":1,"name":"Strona g\u0142\u00f3wna","item":"https:\/\/sportano.pl\/blog\/"},{"@type":"ListItem","position":2,"name":"Kurtki m\u0119skie przeciwdeszczowe &#8211; TOP10 modeli na wyprawy w g\u00f3ry i do miasta"}]},{"@type":"WebSite","@id":"https:\/\/sportano.pl\/blog\/#website","url":"https:\/\/sportano.pl\/blog\/","name":"","description":"","publisher":{"@id":"https:\/\/sportano.pl\/blog\/#organization"},"potentialAction":[{"@type":"SearchAction","target":{"@type":"EntryPoint","urlTemplate":"https:\/\/sportano.pl\/blog\/?s={search_term_string}"},"query-input":{"@type":"PropertyValueSpecification","valueRequired":true,"valueName":"search_term_string"}}],"inLanguage":"pl-PL"},{"@type":"Organization","@id":"https:\/\/sportano.pl\/blog\/#organization","name":"Sportano.pl","url":"https:\/\/sportano.pl\/blog\/","logo":{"@type":"ImageObject","inLanguage":"pl-PL","@id":"https:\/\/sportano.pl\/blog\/#\/schema\/logo\/image\/","url":"http:\/\/sportano.pl\/blog\/wp-content\/uploads\/2022\/04\/sportano-blog-logo.png","contentUrl":"http:\/\/sportano.pl\/blog\/wp-content\/uploads\/2022\/04\/sportano-blog-logo.png","width":1200,"height":200,"caption":"Sportano.pl"},"image":{"@id":"https:\/\/sportano.pl\/blog\/#\/schema\/logo\/image\/"}},{"@type":"Person","@id":"https:\/\/sportano.pl\/blog\/#\/schema\/person\/447e02983a6f3d3d9065df3578f7db52","name":"Sylwia Stwora-Petela","image":{"@type":"ImageObject","inLanguage":"pl-PL","@id":"https:\/\/sportano.pl\/blog\/#\/schema\/person\/image\/","url":"https:\/\/sportano.pl\/blog\/wp-content\/uploads\/nsl_avatars\/52d3b69495b3bb32dafd1c9e4d45ef6f.png","contentUrl":"https:\/\/sportano.pl\/blog\/wp-content\/uploads\/nsl_avatars\/52d3b69495b3bb32dafd1c9e4d45ef6f.png","caption":"Sylwia Stwora-Petela"}}]}},"_links":{"self":[{"href":"https:\/\/sportano.pl\/blog\/wp-json\/wp\/v2\/posts\/24922","targetHints":{"allow":["GET"]}}],"collection":[{"href":"https:\/\/sportano.pl\/blog\/wp-json\/wp\/v2\/posts"}],"about":[{"href":"https:\/\/sportano.pl\/blog\/wp-json\/wp\/v2\/types\/post"}],"author":[{"embeddable":true,"href":"https:\/\/sportano.pl\/blog\/wp-json\/wp\/v2\/users\/7"}],"replies":[{"embeddable":true,"href":"https:\/\/sportano.pl\/blog\/wp-json\/wp\/v2\/comments?post=24922"}],"version-history":[{"count":32,"href":"https:\/\/sportano.pl\/blog\/wp-json\/wp\/v2\/posts\/24922\/revisions"}],"predecessor-version":[{"id":24976,"href":"https:\/\/sportano.pl\/blog\/wp-json\/wp\/v2\/posts\/24922\/revisions\/24976"}],"wp:featuredmedia":[{"embeddable":true,"href":"https:\/\/sportano.pl\/blog\/wp-json\/wp\/v2\/media\/24947"}],"wp:attachment":[{"href":"https:\/\/sportano.pl\/blog\/wp-json\/wp\/v2\/media?parent=24922"}],"wp:term":[{"taxonomy":"category","embeddable":true,"href":"https:\/\/sportano.pl\/blog\/wp-json\/wp\/v2\/categories?post=24922"},{"taxonomy":"post_tag","embeddable":true,"href":"https:\/\/sportano.pl\/blog\/wp-json\/wp\/v2\/tags?post=24922"}],"curies":[{"name":"wp","href":"https:\/\/api.w.org\/{rel}","templated":true}]}}