{"id":25439,"date":"2025-10-03T15:16:36","date_gmt":"2025-10-03T15:16:36","guid":{"rendered":"https:\/\/sportano.pl\/blog\/?p=25439"},"modified":"2025-10-07T07:38:31","modified_gmt":"2025-10-07T07:38:31","slug":"bielizna-termoaktywna-meska-wybierz-idealny-komplet-na-jesien-i-zime","status":"publish","type":"post","link":"https:\/\/sportano.pl\/blog\/bielizna-termoaktywna-meska-wybierz-idealny-komplet-na-jesien-i-zime\/","title":{"rendered":"Bielizna termoaktywna m\u0119ska &#8211; wybierz idealny komplet na jesie\u0144 i zim\u0119"},"content":{"rendered":"\n<p><strong>Sezon jesienno-zimowy to wyzwanie dla ka\u017cdego, kto chce utrzyma\u0107 aktywny tryb \u017cycia. Niska temperatura, wiatr czy wilgo\u0107 mog\u0105 skutecznie zniech\u0119ca\u0107 do treningu na \u015bwie\u017cym powietrzu, dlatego warto si\u0119gn\u0105\u0107 po sprawdzone rozwi\u0105zania chroni\u0105ce cia\u0142o przed ch\u0142odem. Bielizna termoaktywna m\u0119ska zapewnia ciep\u0142o, wygod\u0119 i funkcjonalno\u015b\u0107 w ka\u017cdej sytuacji. Wybieraj\u0105c zestaw, otrzymujesz idealnie dopasowan\u0105 g\u00f3r\u0119 i d\u00f3\u0142, kt\u00f3re razem tworz\u0105 barier\u0119 ochronn\u0105 przed zimnem, a jednocze\u015bnie pozwalaj\u0105 sk\u00f3rze oddycha\u0107. W naszym TOP9 znajdziesz modele, kt\u00f3re wyr\u00f3\u017cniaj\u0105 si\u0119 wysok\u0105 jako\u015bci\u0105 materia\u0142\u00f3w, dopasowaniem do sylwetki i nowoczesnym designem.<\/strong><\/p>\n\n\n\n<h2 class=\"wp-block-heading\">Komplet bielizny termoaktywnej m\u0119skiej KADVA Streif Set<\/h2>\n\n\n\n<p><a href=\"https:\/\/sportano.pl\/p\/495127\/komplet-bielizny-termoaktywnej-meskiej-kadva-streif-set-bezszwowy-czarny\" target=\"_blank\" rel=\"noreferrer noopener\">KADVA Streif Set<\/a> to komplet bielizny termoaktywnej m\u0119skiej, kt\u00f3ry \u0142\u0105czy zaawansowane rozwi\u0105zania technologiczne z maksymalnym komfortem u\u017cytkowania. Idealnie sprawdzi si\u0119 podczas sport\u00f3w zimowych, wymagaj\u0105cych w\u0119dr\u00f3wek g\u00f3rskich, intensywnych trening\u00f3w, jak i codziennych aktywno\u015bci. Ten zestaw z nowoczesnej mieszanki materia\u0142\u00f3w o gramaturze 320 g\/m\u00b2 oferuje optymalny balans pomi\u0119dzy lekko\u015bci\u0105 a izolacj\u0105 termiczn\u0105. Zastosowane tkaniny posiadaj\u0105 w\u0142a\u015bciwo\u015bci antybakteryjne i antystatyczne, co przek\u0142ada si\u0119 na \u015bwie\u017co\u015b\u0107 i higien\u0119 nawet podczas intensywnego u\u017cytkowania.<\/p>\n\n\n\n<figure class=\"wp-block-image size-full\"><img loading=\"lazy\" decoding=\"async\" width=\"816\" height=\"426\" src=\"https:\/\/sportano.pl\/blog\/wp-content\/uploads\/2025\/10\/komplet-bielizny-termoaktywnej-meskiej-kadva-streif-set-bezszwowy-czarny.jpg\" alt=\"M\u0119\u017cczy\u017ani w komplecie bielizny termoaktywnej m\u0119skiej KADVA Streif Set\" class=\"wp-image-25441\" srcset=\"https:\/\/sportano.pl\/blog\/wp-content\/uploads\/2025\/10\/komplet-bielizny-termoaktywnej-meskiej-kadva-streif-set-bezszwowy-czarny.jpg 816w, https:\/\/sportano.pl\/blog\/wp-content\/uploads\/2025\/10\/komplet-bielizny-termoaktywnej-meskiej-kadva-streif-set-bezszwowy-czarny-300x157.jpg 300w, https:\/\/sportano.pl\/blog\/wp-content\/uploads\/2025\/10\/komplet-bielizny-termoaktywnej-meskiej-kadva-streif-set-bezszwowy-czarny-768x401.jpg 768w, https:\/\/sportano.pl\/blog\/wp-content\/uploads\/2025\/10\/komplet-bielizny-termoaktywnej-meskiej-kadva-streif-set-bezszwowy-czarny-100x52.jpg 100w\" sizes=\"auto, (max-width: 816px) 100vw, 816px\" \/><\/figure>\n\n\n\n<p>KADVA Streif Set wyr\u00f3\u017cnia si\u0119 bezszwow\u0105 konstrukcj\u0105, kt\u00f3ra minimalizuje ryzyko otar\u0107 i podra\u017cnie\u0144. Dzi\u0119ki elastycznym w\u0142\u00f3knom, nie ogranicza swobody ruch\u00f3w. D\u0142ugi r\u0119kaw, d\u0142ugie nogawki oraz dopasowany kr\u00f3j sprawiaj\u0105, \u017ce bielizna staje si\u0119 drug\u0105 sk\u00f3r\u0105 zapewniaj\u0105c\u0105 optymaln\u0105 ochron\u0119 przed wych\u0142odzeniem.<\/p>\n\n\n\n\n\n\n\n<h2 class=\"wp-block-heading\">Bielizna termoaktywna z we\u0142ny merino m\u0119ska WOOLCANO Merino 100% SET0540<\/h2>\n\n\n\n<p><a href=\"https:\/\/sportano.pl\/p\/489058\/komplet-bielizny-termoaktywnej-meskiej-woolcano-merino-100-set0540-czarny\">WOOLCANO Merino 100% SET0540<\/a> to propozycja dla m\u0119\u017cczyzn, kt\u00f3rzy ceni\u0105 po\u0142\u0105czenie nowoczesnych technologii z naturalnymi w\u0142a\u015bciwo\u015bciami we\u0142ny merino. Naturalna we\u0142na ma zdolno\u015b\u0107 do samoregulacji temperatury: ogrzewa, gdy jest zimno, i zapobiega przegrzewaniu, kiedy aktywno\u015b\u0107 staje si\u0119 intensywna. Ponadto nie drapie i nie podra\u017cnia, dzi\u0119ki czemu komplet sprawdzi si\u0119 nawet przy wielogodzinnym noszeniu. Oddychalno\u015b\u0107 i szybkie odprowadzanie wilgoci to kolejne zalety zestawu WOOLCANO Merino. W\u0142\u00f3kna we\u0142ny skutecznie wch\u0142aniaj\u0105 pot, odprowadzaj\u0105c go na zewn\u0105trz. To pomaga utrzyma\u0107 sk\u00f3r\u0119 such\u0105 i \u015bwie\u017c\u0105 zar\u00f3wno na stoku, jak i podczas pieszych w\u0119dr\u00f3wek w g\u00f3rach.<\/p>\n\n\n\n<figure class=\"wp-block-image size-full\"><img loading=\"lazy\" decoding=\"async\" width=\"816\" height=\"426\" src=\"https:\/\/sportano.pl\/blog\/wp-content\/uploads\/2025\/10\/komplet-meskiej-bielizny-termoaktywnej-woolcano-merino-100-set0540-czarny.jpg\" alt=\"Bielizna termoaktywna z we\u0142ny merino m\u0119ska WOOLCANO Merino 100% SET0540\" class=\"wp-image-25446\" srcset=\"https:\/\/sportano.pl\/blog\/wp-content\/uploads\/2025\/10\/komplet-meskiej-bielizny-termoaktywnej-woolcano-merino-100-set0540-czarny.jpg 816w, https:\/\/sportano.pl\/blog\/wp-content\/uploads\/2025\/10\/komplet-meskiej-bielizny-termoaktywnej-woolcano-merino-100-set0540-czarny-300x157.jpg 300w, https:\/\/sportano.pl\/blog\/wp-content\/uploads\/2025\/10\/komplet-meskiej-bielizny-termoaktywnej-woolcano-merino-100-set0540-czarny-768x401.jpg 768w, https:\/\/sportano.pl\/blog\/wp-content\/uploads\/2025\/10\/komplet-meskiej-bielizny-termoaktywnej-woolcano-merino-100-set0540-czarny-100x52.jpg 100w\" sizes=\"auto, (max-width: 816px) 100vw, 816px\" \/><\/figure>\n\n\n\n<p>Koszulka i spodnie zosta\u0142y zaprojektowane w technologii 4 Way Stretch, przez co gwarantuje pe\u0142n\u0105 swobod\u0119 ruch\u00f3w w ka\u017cdej sytuacji. P\u0142askie, przesuni\u0119te szwy minimalizuj\u0105 ryzyko otar\u0107, a elastyczny pas w spodniach zapewnia idealne dopasowanie do sylwetki. Dodatkowym atutem jest trwa\u0142y, okr\u0105g\u0142y dekolt, kt\u00f3ry zachowuje sw\u00f3j kszta\u0142t nawet po wielu praniach. Warto podkre\u015bli\u0107, \u017ce we\u0142na wykorzystana w tym modelu pochodzi z certyfikowanych \u017ar\u00f3de\u0142 Responsible Wool Standard (RWS), co potwierdza jej wysok\u0105 jako\u015b\u0107 oraz etyczne pozyskiwanie.<\/p>\n\n\n\n<h2 class=\"wp-block-heading\">Termoaktywna bielizna m\u0119ska komplet Viking Dante<\/h2>\n\n\n\n<p><a href=\"https:\/\/sportano.pl\/p\/22944\/komplet-bielizny-termoaktywnej-meskiej-viking-dante-blue\">Viking Dante<\/a> z wysokiej jako\u015bci mieszanki poliamidu, poliestru i elastanu bazuje na technologii close fit. Tym samym doskonale przylega do cia\u0142a, zapewniaj\u0105c maksymalny komfort w ka\u017cdych warunkach. Dzi\u0119ki bezszwowej konstrukcji, komplet minimalizuje ryzyko otar\u0107 i podra\u017cnie\u0144, kt\u00f3re cz\u0119sto pojawiaj\u0105 si\u0119 w trakcie narciarstwa, snowboardu, wspinaczki czy g\u00f3rskich w\u0119dr\u00f3wek. Model Dante wyr\u00f3\u017cnia si\u0119 doskona\u0142\u0105 oddychalno\u015bci\u0105 i skutecznym systemem odprowadzania wilgoci, dzi\u0119ki czemu sk\u00f3ra pozostaje sucha nawet podczas intensywnego wysi\u0142ku. Materia\u0142 nie zatrzymuje przykrych zapach\u00f3w, co dodatkowo zwi\u0119ksza komfort u\u017cytkowania podczas d\u0142ugotrwa\u0142ej aktywno\u015bci.<\/p>\n\n\n\n<figure class=\"wp-block-image size-full\"><img loading=\"lazy\" decoding=\"async\" width=\"816\" height=\"426\" src=\"https:\/\/sportano.pl\/blog\/wp-content\/uploads\/2025\/10\/komplet-bielizny-termoaktywnej-meskiej-viking-dante-blue.jpg\" alt=\"M\u0119\u017cczyzna w termoaktywnej bieli\u017anie Viking Dante\" class=\"wp-image-25448\" srcset=\"https:\/\/sportano.pl\/blog\/wp-content\/uploads\/2025\/10\/komplet-bielizny-termoaktywnej-meskiej-viking-dante-blue.jpg 816w, https:\/\/sportano.pl\/blog\/wp-content\/uploads\/2025\/10\/komplet-bielizny-termoaktywnej-meskiej-viking-dante-blue-300x157.jpg 300w, https:\/\/sportano.pl\/blog\/wp-content\/uploads\/2025\/10\/komplet-bielizny-termoaktywnej-meskiej-viking-dante-blue-768x401.jpg 768w, https:\/\/sportano.pl\/blog\/wp-content\/uploads\/2025\/10\/komplet-bielizny-termoaktywnej-meskiej-viking-dante-blue-100x52.jpg 100w\" sizes=\"auto, (max-width: 816px) 100vw, 816px\" \/><\/figure>\n\n\n\n<p>Wzmocnienia na kolanach i \u0142okciach podnosz\u0105 trwa\u0142o\u015b\u0107 zestawu i wyd\u0142u\u017caj\u0105 jego \u017cywotno\u015b\u0107. Elastyczna tkanina o w\u0142a\u015bciwo\u015bciach szybkoschn\u0105cych zapewnia odpowiedni\u0105 termoregulacj\u0119, chroni\u0105c organizm przed wych\u0142odzeniem w niskich temperaturach. Dzi\u0119ki temu komplet jest gotowy do ponownego u\u017cycia w kr\u00f3tkim czasie, co ma znaczenie zw\u0142aszcza podczas d\u0142u\u017cszych wypraw czy aktywnych dni na stoku.<\/p>\n\n\n\n\n\n\n\n<h2 class=\"wp-block-heading\">Bezszwowa bielizna termoaktywna m\u0119ska KADVA Alpinestep Coolmax Thermal Pro Dry<\/h2>\n\n\n\n<p><a href=\"https:\/\/sportano.pl\/p\/768649\/komplet-bielizny-termoaktywnej-meskiej-kadva-alpinestep-coolmax-thermal-pro-dry-bezszwowy-czarna\">KADVA Alpinestep Coolmax Thermal Pro Dry<\/a> zosta\u0142 opracowany z my\u015bl\u0105 o m\u0119\u017cczyznach, kt\u00f3rzy oczekuj\u0105 najwy\u017cszej funkcjonalno\u015bci podczas sport\u00f3w zimowych, trekkingu czy turystyki w zmiennych warunkach atmosferycznych. Komplet wykonany z poliamidu z dodatkiem prz\u0119dzy Coolmax i elastanu, \u0142\u0105czy wytrzyma\u0142o\u015b\u0107, elastyczno\u015b\u0107 i szybkoschn\u0105c\u0105 struktur\u0119. Coolmax transportuje pot na zewn\u0105trz, utrzymuj\u0105c sk\u00f3r\u0119 such\u0105. Elastan zapewnia dopasowanie do sylwetki i pe\u0142n\u0105 mobilno\u015b\u0107. Materia\u0142 oddycha, wspiera termoregulacj\u0119 i nie kr\u0119puje ruch\u00f3w nawet przy intensywnym wysi\u0142ku.<\/p>\n\n\n\n<figure class=\"wp-block-image size-full\"><img loading=\"lazy\" decoding=\"async\" width=\"816\" height=\"426\" src=\"https:\/\/sportano.pl\/blog\/wp-content\/uploads\/2025\/10\/komplet-bielizny-termoaktywnej-meskiej-kadva-alpinestep-coolmax-thermal-pro-dry-bezszwowy-czarna.jpg\" alt=\"Bezszwowa bielizna termoaktywna m\u0119ska KADVA Alpinestep Coolmax Thermal Pro Dry\" class=\"wp-image-25457\" srcset=\"https:\/\/sportano.pl\/blog\/wp-content\/uploads\/2025\/10\/komplet-bielizny-termoaktywnej-meskiej-kadva-alpinestep-coolmax-thermal-pro-dry-bezszwowy-czarna.jpg 816w, https:\/\/sportano.pl\/blog\/wp-content\/uploads\/2025\/10\/komplet-bielizny-termoaktywnej-meskiej-kadva-alpinestep-coolmax-thermal-pro-dry-bezszwowy-czarna-300x157.jpg 300w, https:\/\/sportano.pl\/blog\/wp-content\/uploads\/2025\/10\/komplet-bielizny-termoaktywnej-meskiej-kadva-alpinestep-coolmax-thermal-pro-dry-bezszwowy-czarna-768x401.jpg 768w, https:\/\/sportano.pl\/blog\/wp-content\/uploads\/2025\/10\/komplet-bielizny-termoaktywnej-meskiej-kadva-alpinestep-coolmax-thermal-pro-dry-bezszwowy-czarna-100x52.jpg 100w\" sizes=\"auto, (max-width: 816px) 100vw, 816px\" \/><\/figure>\n\n\n\n<p>Bezszwowa konstrukcja ogranicza ryzyko otar\u0107 i podra\u017cnie\u0144, a dopasowany kr\u00f3j przylega do cia\u0142a niczym druga sk\u00f3ra. D\u0142ugie r\u0119kawy i nogawki zapewniaj\u0105 pe\u0142n\u0105 ochron\u0119 przed ch\u0142odem. Otwory na kciuki utrzymuj\u0105 r\u0119kaw na miejscu i chroni\u0105 d\u0142onie w ekstremalnych warunkach. Okr\u0105g\u0142y dekolt nie ogranicza swobody ruchu i u\u0142atwia noszenie kolejnych warstw odzie\u017cy.<\/p>\n\n\n\n<h2 class=\"wp-block-heading\">Bielizna termoaktywna m\u0119ska komplet OneTeam Achill Set<\/h2>\n\n\n\n<p><a href=\"https:\/\/sportano.pl\/p\/495074\/komplet-bielizny-termoaktywnej-meskiej-oneteam-achill-set-bezszwowy-czarny\">OneTeam Achill Set<\/a> sk\u0142ada si\u0119 z koszulki z d\u0142ugim r\u0119kawem oraz spodni, kt\u00f3re razem tworz\u0105 niezawodn\u0105 baz\u0119 pod odzie\u017c sportow\u0105 i codzienn\u0105. Dzi\u0119ki lekkiej konstrukcji oraz zastosowaniu nowoczesnych materia\u0142\u00f3w, sprawdzi si\u0119 zar\u00f3wno podczas turystyki pieszej, sport\u00f3w zimowych czy trening\u00f3w pi\u0142ki no\u017cnej. Komplet z wysokiej jako\u015bci mieszanki 65% poliamidu i 35% poliestru o gramaturze 155 g\/m\u00b2 jest wyj\u0105tkowo lekki, a jednocze\u015bnie bardzo wytrzyma\u0142y. Bezszwowa konstrukcja oznacza brak otar\u0107 i dyskomfortu nawet przy d\u0142ugim u\u017cytkowaniu. Elastyczny materia\u0142 idealnie dopasowuje si\u0119 do sylwetki, nie ograniczaj\u0105c ruch\u00f3w. Koszulka termoaktywna ma otwory na kciuki, kt\u00f3re stabilizuj\u0105 r\u0119kawy i chroni\u0105 d\u0142onie przed wych\u0142odzeniem, co jest praktycznym rozwi\u0105zaniem w zimowe dni.<\/p>\n\n\n\n<figure class=\"wp-block-image size-full\"><img loading=\"lazy\" decoding=\"async\" width=\"816\" height=\"426\" src=\"https:\/\/sportano.pl\/blog\/wp-content\/uploads\/2025\/10\/bielizna-termoaktywna-meska-komplet-oneteam-achill-set-bezszwowy-czarny.jpg\" alt=\"M\u0119\u017cczyzna w zestawie bezszwowej bielizny termoaktywnej OneTeam Achill Set\" class=\"wp-image-25443\" srcset=\"https:\/\/sportano.pl\/blog\/wp-content\/uploads\/2025\/10\/bielizna-termoaktywna-meska-komplet-oneteam-achill-set-bezszwowy-czarny.jpg 816w, https:\/\/sportano.pl\/blog\/wp-content\/uploads\/2025\/10\/bielizna-termoaktywna-meska-komplet-oneteam-achill-set-bezszwowy-czarny-300x157.jpg 300w, https:\/\/sportano.pl\/blog\/wp-content\/uploads\/2025\/10\/bielizna-termoaktywna-meska-komplet-oneteam-achill-set-bezszwowy-czarny-768x401.jpg 768w, https:\/\/sportano.pl\/blog\/wp-content\/uploads\/2025\/10\/bielizna-termoaktywna-meska-komplet-oneteam-achill-set-bezszwowy-czarny-100x52.jpg 100w\" sizes=\"auto, (max-width: 816px) 100vw, 816px\" \/><\/figure>\n\n\n\n<p>Kluczow\u0105 cech\u0105 modelu Achill Set jest zdolno\u015b\u0107 do regulacji temperatury cia\u0142a. Bielizna utrzymuje ciep\u0142o w ch\u0142odniejsze dni, jednocze\u015bnie zapobiegaj\u0105c przegrzewaniu podczas intensywnego wysi\u0142ku. Dzi\u0119ki szybkoschn\u0105cej technologii, komplet jest gotowy do ponownego u\u017cycia w kr\u00f3tkim czasie po praniu lub po treningu. Zestaw ma te\u017c w\u0142a\u015bciwo\u015bci antybakteryjne i antystatyczne, co zapobiega rozwojowi nieprzyjemnych zapach\u00f3w i utrzymuje \u015bwie\u017co\u015b\u0107 przez d\u0142u\u017cszy czas.<\/p>\n\n\n\n<h2 class=\"wp-block-heading\">M\u0119ska bielizna termoaktywna ODLO Fundamentals Performance Warm<\/h2>\n\n\n\n<p><a href=\"https:\/\/sportano.pl\/p\/775473\/komplet-bielizny-termoaktywnej-meskiej-odlo-fundamentals-performance-warm-urban-chick\">ODLO Fundamentals Performance Warm<\/a> to zaawansowana odzie\u017c sportowa dla m\u0119\u017cczyzn, kt\u00f3rzy oczekuj\u0105 od bielizny termoaktywnej czego\u015b wi\u0119cej ni\u017c tylko podstawowej ochrony przed zimnem. Innowacyjna mieszanka w\u0142\u00f3kien gwarantuje trwa\u0142o\u015b\u0107, elastyczno\u015b\u0107 oraz idealne dopasowanie w kroju slim fit, kt\u00f3re dzia\u0142a jak druga sk\u00f3ra. Oddychaj\u0105cy i szybkoschn\u0105cy materia\u0142 skutecznie odprowadza wilgo\u0107, pozostawiaj\u0105c sk\u00f3r\u0119 such\u0105 nawet podczas intensywnego wysi\u0142ku. Na szczeg\u00f3ln\u0105 uwag\u0119 zas\u0142uguje system Body Mapping, czyli inteligentne rozmieszczenie stref wentylacji i izolacji w zale\u017cno\u015bci od potrzeb poszczeg\u00f3lnych partii cia\u0142a. Dzi\u0119ki temu komplet wspiera naturaln\u0105 termoregulacj\u0119 organizmu, oferuj\u0105c maksymalny komfort i sucho\u015b\u0107 niezale\u017cnie od warunk\u00f3w.<\/p>\n\n\n\n<figure class=\"wp-block-image size-full\"><img loading=\"lazy\" decoding=\"async\" width=\"816\" height=\"426\" src=\"https:\/\/sportano.pl\/blog\/wp-content\/uploads\/2025\/10\/zestaw-bielizny-termoaktywnej-meskiej-odlo-fundamentals-performance-warm-urban-chick.jpg\" alt=\"M\u0119ska bielizna termoaktywna ODLO Fundamentals Performance Warm\" class=\"wp-image-25451\" srcset=\"https:\/\/sportano.pl\/blog\/wp-content\/uploads\/2025\/10\/zestaw-bielizny-termoaktywnej-meskiej-odlo-fundamentals-performance-warm-urban-chick.jpg 816w, https:\/\/sportano.pl\/blog\/wp-content\/uploads\/2025\/10\/zestaw-bielizny-termoaktywnej-meskiej-odlo-fundamentals-performance-warm-urban-chick-300x157.jpg 300w, https:\/\/sportano.pl\/blog\/wp-content\/uploads\/2025\/10\/zestaw-bielizny-termoaktywnej-meskiej-odlo-fundamentals-performance-warm-urban-chick-768x401.jpg 768w, https:\/\/sportano.pl\/blog\/wp-content\/uploads\/2025\/10\/zestaw-bielizny-termoaktywnej-meskiej-odlo-fundamentals-performance-warm-urban-chick-100x52.jpg 100w\" sizes=\"auto, (max-width: 816px) 100vw, 816px\" \/><\/figure>\n\n\n\n<p>Model ODLO Fundamentals Performance korzysta r\u00f3wnie\u017c z zaawansowanego Temperature Control System. To rozwi\u0105zanie zapewnia cztery poziomy izolacji. Dzi\u0119ki temu bielizna nie tylko chroni przed ch\u0142odem, ale tak\u017ce pomaga unikn\u0105\u0107 przegrzewania podczas du\u017cej aktywno\u015bci fizycznej. Dodatkowym atutem jest technologia ZeroScent, kt\u00f3ra ogranicza rozw\u00f3j bakterii odpowiedzialnych za powstawanie nieprzyjemnych zapach\u00f3w. Ca\u0142o\u015b\u0107 dope\u0142nia certyfikat OEKO-TEX\u00ae potwierdzaj\u0105cy bezpiecze\u0144stwo materia\u0142\u00f3w i przyjazno\u015b\u0107 dla sk\u00f3ry.<\/p>\n\n\n\n\n\n\n\n<h2 class=\"wp-block-heading\">Bielizna termoaktywna merino m\u0119ska Viking Gasher<\/h2>\n\n\n\n<p><a href=\"https:\/\/sportano.pl\/p\/782048\/komplet-bielizny-termoaktywnej-meskiej-viking-gasher-black\">Viking Gasher<\/a> to idealny wyb\u00f3r dla m\u0119\u017cczyzn poszukuj\u0105cych uniwersalnej bielizny termoaktywnej, kt\u00f3ra sprawdzi si\u0119 zar\u00f3wno w czasie intensywnego wysi\u0142ku, jak i w chwilach odpoczynku. Zawarto\u015b\u0107 53% we\u0142ny merino sprawia, \u017ce to niezast\u0105piona pierwsza warstwa odzie\u017cy w niskich temperaturach. Komplet \u0142\u0105czy naturalne w\u0142a\u015bciwo\u015bci izolacyjne we\u0142ny z wytrzyma\u0142o\u015bci\u0105 i elastyczno\u015bci\u0105 nowoczesnych w\u0142\u00f3kien syntetycznych. Gramatura 180 g\/m\u00b2 zapewnia optymalny balans mi\u0119dzy izolacj\u0105 ciepln\u0105 a komfortem u\u017cytkowania przez ca\u0142y dzie\u0144.<\/p>\n\n\n\n<figure class=\"wp-block-image size-full\"><img loading=\"lazy\" decoding=\"async\" width=\"816\" height=\"426\" src=\"https:\/\/sportano.pl\/blog\/wp-content\/uploads\/2025\/10\/komplet-bielizny-termoaktywnej-meskiej-viking-gasher-black.jpg\" alt=\"M\u0119\u017cczyzna w bieli\u017anie termoaktywnej merino Viking Gasher\" class=\"wp-image-25455\" srcset=\"https:\/\/sportano.pl\/blog\/wp-content\/uploads\/2025\/10\/komplet-bielizny-termoaktywnej-meskiej-viking-gasher-black.jpg 816w, https:\/\/sportano.pl\/blog\/wp-content\/uploads\/2025\/10\/komplet-bielizny-termoaktywnej-meskiej-viking-gasher-black-300x157.jpg 300w, https:\/\/sportano.pl\/blog\/wp-content\/uploads\/2025\/10\/komplet-bielizny-termoaktywnej-meskiej-viking-gasher-black-768x401.jpg 768w, https:\/\/sportano.pl\/blog\/wp-content\/uploads\/2025\/10\/komplet-bielizny-termoaktywnej-meskiej-viking-gasher-black-100x52.jpg 100w\" sizes=\"auto, (max-width: 816px) 100vw, 816px\" \/><\/figure>\n\n\n\n<p>Tkanina jest oddychaj\u0105ca i szybkoschn\u0105ca, dzi\u0119ki czemu sk\u00f3ra pozostaje sucha, a komfort noszenia utrzymuje si\u0119 przez ca\u0142y czas aktywno\u015bci. Dodatkowo hydrofobowe w\u0142a\u015bciwo\u015bci materia\u0142u skutecznie odprowadzaj\u0105 wilgo\u0107 na zewn\u0105trz. Antybakteryjne wyko\u0144czenie z aktywnymi cz\u0105steczkami srebra przeciwdzia\u0142a powstawaniu nieprzyjemnych zapach\u00f3w, utrzymuj\u0105c \u015bwie\u017co\u015b\u0107 nawet podczas d\u0142ugotrwa\u0142ego u\u017cytkowania.<\/p>\n\n\n\n<h2 class=\"wp-block-heading\">Bielizna termoaktywna m\u0119ska Alpinus Moelv Set&nbsp;<\/h2>\n\n\n\n<p><a href=\"https:\/\/sportano.pl\/p\/784753\/komplet-bielizny-termoaktywnej-meskiej-alpinus-moelv-set-czarny\">Alpinus Moelv Set&nbsp;<\/a> z mieszanki poliamidu, polipropylenu i elastanu zapewnia lekko\u015b\u0107, trwa\u0142o\u015b\u0107 i szybkie odprowadzanie wilgoci. Dzi\u0119ki technologii Quick Dry, nadmiar potu jest skutecznie transportowany na zewn\u0105trz, zapewniaj\u0105c uczucie sucho\u015bci i \u015bwie\u017co\u015bci nawet podczas wymagaj\u0105cych aktywno\u015bci zimowych. W\u0142a\u015bciwo\u015bci antybakteryjne tkaniny zapobiegaj\u0105 powstawaniu nieprzyjemnych zapach\u00f3w, co podnosi komfort u\u017cytkowania nawet podczas d\u0142ugotrwa\u0142ego wysi\u0142ku.<\/p>\n\n\n\n<figure class=\"wp-block-image size-full\"><img loading=\"lazy\" decoding=\"async\" width=\"816\" height=\"426\" src=\"https:\/\/sportano.pl\/blog\/wp-content\/uploads\/2025\/10\/zestaw-bielizny-termoaktywnej-meskiej-alpinus-moelv-set-czarny.jpg\" alt=\"M\u0119\u017cczyzna w bieli\u017anie termoaktywnej Alpinus Moelv Set\u00a0\" class=\"wp-image-25459\" srcset=\"https:\/\/sportano.pl\/blog\/wp-content\/uploads\/2025\/10\/zestaw-bielizny-termoaktywnej-meskiej-alpinus-moelv-set-czarny.jpg 816w, https:\/\/sportano.pl\/blog\/wp-content\/uploads\/2025\/10\/zestaw-bielizny-termoaktywnej-meskiej-alpinus-moelv-set-czarny-300x157.jpg 300w, https:\/\/sportano.pl\/blog\/wp-content\/uploads\/2025\/10\/zestaw-bielizny-termoaktywnej-meskiej-alpinus-moelv-set-czarny-768x401.jpg 768w, https:\/\/sportano.pl\/blog\/wp-content\/uploads\/2025\/10\/zestaw-bielizny-termoaktywnej-meskiej-alpinus-moelv-set-czarny-100x52.jpg 100w\" sizes=\"auto, (max-width: 816px) 100vw, 816px\" \/><\/figure>\n\n\n\n<p>Technologia Seamless minimalizuje ryzyko otar\u0107 i podra\u017cnie\u0144, a jednocze\u015bnie poprawia dopasowanie bielizny do cia\u0142a. Materia\u0142 jest wysoce elastyczny, co pozwala na pe\u0142n\u0105 swobod\u0119 ruch\u00f3w, a zarazem zachowuje trwa\u0142o\u015b\u0107 i odporno\u015b\u0107 na odkszta\u0142cenia.<\/p>\n\n\n\n<h2 class=\"wp-block-heading\">Komplet bielizny termoaktywnej m\u0119skiej CMP 3Y87800<\/h2>\n\n\n\n<p><a href=\"https:\/\/sportano.pl\/p\/116148\/komplet-bielizny-termoaktywnej-meskiej-cmp-3y87800-nero\">CMP 3Y87800<\/a> to zestaw wykonany w ca\u0142o\u015bci z wysokogatunkowego poliestru o gramaturze 170 g\/m\u00b2. To zapewnia optymaln\u0105 izolacj\u0119 termiczn\u0105 przy zachowaniu lekko\u015bci i swobody ruch\u00f3w. Ten m\u0119ski komplet bielizny termoaktywnej \u015bwietnie sprawdza si\u0119 zar\u00f3wno w czasie uprawiania sport\u00f3w zimowych, jak i podczas turystyki g\u00f3rskiej czy codziennych aktywno\u015bci w ch\u0142odniejsze dni.<\/p>\n\n\n\n<figure class=\"wp-block-image size-full\"><img loading=\"lazy\" decoding=\"async\" width=\"816\" height=\"426\" src=\"https:\/\/sportano.pl\/blog\/wp-content\/uploads\/2025\/10\/komplet-bielizny-termoaktywnej-meskiej-cmp-3y87800-nero.jpg\" alt=\"Komplet bielizny termoaktywnej m\u0119skiej CMP 3Y87800\" class=\"wp-image-25453\" srcset=\"https:\/\/sportano.pl\/blog\/wp-content\/uploads\/2025\/10\/komplet-bielizny-termoaktywnej-meskiej-cmp-3y87800-nero.jpg 816w, https:\/\/sportano.pl\/blog\/wp-content\/uploads\/2025\/10\/komplet-bielizny-termoaktywnej-meskiej-cmp-3y87800-nero-300x157.jpg 300w, https:\/\/sportano.pl\/blog\/wp-content\/uploads\/2025\/10\/komplet-bielizny-termoaktywnej-meskiej-cmp-3y87800-nero-768x401.jpg 768w, https:\/\/sportano.pl\/blog\/wp-content\/uploads\/2025\/10\/komplet-bielizny-termoaktywnej-meskiej-cmp-3y87800-nero-100x52.jpg 100w\" sizes=\"auto, (max-width: 816px) 100vw, 816px\" \/><\/figure>\n\n\n\n<p>Top z d\u0142ugim r\u0119kawem i spodnie o kroju Active Fit gwarantuj\u0105 dopasowanie do sylwetki, nie kr\u0119puj\u0105c ruch\u00f3w. Materia\u0142 jest oddychaj\u0105cy i szybkoschn\u0105cy, co oznacza, \u017ce skutecznie odprowadza wilgo\u0107 od cia\u0142a i zapewnia uczucie \u015bwie\u017co\u015bci nawet podczas intensywnego wysi\u0142ku. Co wa\u017cne, komplet CMP posiada certyfikat OEKO-TEX\u00ae, kt\u00f3ry potwierdza, \u017ce do jego produkcji u\u017cyto materia\u0142\u00f3w bezpiecznych dla sk\u00f3ry i wolnych od substancji szkodliwych.<\/p>\n\n\n\n<p>Przeczytaj r\u00f3wnie\u017c:<\/p>\n\n\n\n<ul class=\"wp-block-list\">\n<li><a href=\"https:\/\/sportano.pl\/blog\/bielizna-termoaktywna-na-zime-jak-dziala-i-dlaczego-warto-ja-miec\/\" target=\"_blank\" rel=\"noreferrer noopener\">Bielizna termoaktywna &#8211; jak dzia\u0142a<\/a><\/li>\n\n\n\n<li><a href=\"https:\/\/sportano.pl\/blog\/jak-prac-bielizne-termoaktywna-praktyczne-wskazowki\/\" target=\"_blank\" rel=\"noreferrer noopener\">Pranie bielizny termoaktywnej<\/a><\/li>\n\n\n\n<li><a href=\"https:\/\/sportano.pl\/blog\/najlepszy-komplet-bielizny-termoaktywnej-damskiej-top10\/\" target=\"_blank\" rel=\"noreferrer noopener\">Bielizna termoaktywna damska &#8211; najlepsze komplety<\/a><\/li>\n<\/ul>\n<div id=\"synerise-rekomendacje\" class=\"synerise\"><\/div>","protected":false},"excerpt":{"rendered":"<p>Sezon jesienno-zimowy to wyzwanie dla ka\u017cdego, kto chce utrzyma\u0107 aktywny tryb \u017cycia. Niska temperatura, wiatr czy wilgo\u0107 mog\u0105 skutecznie zniech\u0119ca\u0107 do treningu na \u015bwie\u017cym powietrzu, dlatego warto si\u0119gn\u0105\u0107 po sprawdzone rozwi\u0105zania chroni\u0105ce cia\u0142o przed ch\u0142odem. Bielizna termoaktywna m\u0119ska zapewnia ciep\u0142o, wygod\u0119 i funkcjonalno\u015b\u0107 w ka\u017cdej sytuacji. Wybieraj\u0105c zestaw, otrzymujesz idealnie dopasowan\u0105 g\u00f3r\u0119 i d\u00f3\u0142, kt\u00f3re [&hellip;]<\/p>\n","protected":false},"author":7,"featured_media":25462,"comment_status":"closed","ping_status":"closed","sticky":false,"template":"","format":"standard","meta":{"_acf_changed":false,"footnotes":""},"categories":[32],"tags":[],"class_list":["post-25439","post","type-post","status-publish","format-standard","has-post-thumbnail","hentry","category-sporty-zimowe"],"acf":[],"yoast_head":"<!-- This site is optimized with the Yoast SEO plugin v27.1.1 - https:\/\/yoast.com\/product\/yoast-seo-wordpress\/ -->\n<title>Bielizna termoaktywna m\u0119ska - wybierz idealny komplet na jesie\u0144 i zim\u0119 - Blog Sportano.pl<\/title>\n<meta name=\"description\" content=\"Bielizna termoaktywna m\u0119ska - zapewnij sobie ciep\u0142o i komfort w ch\u0142odne dni. Sprawd\u017a komplety idealne do sport\u00f3w zimowych.\" \/>\n<meta name=\"robots\" content=\"index, follow, max-snippet:-1, max-image-preview:large, max-video-preview:-1\" \/>\n<link rel=\"canonical\" href=\"https:\/\/sportano.pl\/blog\/bielizna-termoaktywna-meska-wybierz-idealny-komplet-na-jesien-i-zime\/\" \/>\n<meta property=\"og:locale\" content=\"pl_PL\" \/>\n<meta property=\"og:type\" content=\"article\" \/>\n<meta property=\"og:title\" content=\"Bielizna termoaktywna m\u0119ska - wybierz idealny komplet na jesie\u0144 i zim\u0119 - Blog Sportano.pl\" \/>\n<meta property=\"og:description\" content=\"Bielizna termoaktywna m\u0119ska - zapewnij sobie ciep\u0142o i komfort w ch\u0142odne dni. Sprawd\u017a komplety idealne do sport\u00f3w zimowych.\" \/>\n<meta property=\"og:url\" content=\"https:\/\/sportano.pl\/blog\/bielizna-termoaktywna-meska-wybierz-idealny-komplet-na-jesien-i-zime\/\" \/>\n<meta property=\"article:published_time\" content=\"2025-10-03T15:16:36+00:00\" \/>\n<meta property=\"article:modified_time\" content=\"2025-10-07T07:38:31+00:00\" \/>\n<meta property=\"og:image\" content=\"http:\/\/sportano.pl\/blog\/wp-content\/uploads\/2025\/10\/bielizna-termoaktywnameska-wybierz-idealny-komplet-na-jesien-i-zime.jpg\" \/>\n\t<meta property=\"og:image:width\" content=\"816\" \/>\n\t<meta property=\"og:image:height\" content=\"426\" \/>\n\t<meta property=\"og:image:type\" content=\"image\/jpeg\" \/>\n<meta name=\"author\" content=\"Sylwia Stwora-Petela\" \/>\n<meta name=\"twitter:card\" content=\"summary_large_image\" \/>\n<meta name=\"twitter:label1\" content=\"Napisane przez\" \/>\n\t<meta name=\"twitter:data1\" content=\"Sylwia Stwora-Petela\" \/>\n\t<meta name=\"twitter:label2\" content=\"Szacowany czas czytania\" \/>\n\t<meta name=\"twitter:data2\" content=\"10 minut\" \/>\n<!-- \/ Yoast SEO plugin. -->","yoast_head_json":{"title":"Bielizna termoaktywna m\u0119ska - wybierz idealny komplet na jesie\u0144 i zim\u0119 - Blog Sportano.pl","description":"Bielizna termoaktywna m\u0119ska - zapewnij sobie ciep\u0142o i komfort w ch\u0142odne dni. Sprawd\u017a komplety idealne do sport\u00f3w zimowych.","robots":{"index":"index","follow":"follow","max-snippet":"max-snippet:-1","max-image-preview":"max-image-preview:large","max-video-preview":"max-video-preview:-1"},"canonical":"https:\/\/sportano.pl\/blog\/bielizna-termoaktywna-meska-wybierz-idealny-komplet-na-jesien-i-zime\/","og_locale":"pl_PL","og_type":"article","og_title":"Bielizna termoaktywna m\u0119ska - wybierz idealny komplet na jesie\u0144 i zim\u0119 - Blog Sportano.pl","og_description":"Bielizna termoaktywna m\u0119ska - zapewnij sobie ciep\u0142o i komfort w ch\u0142odne dni. Sprawd\u017a komplety idealne do sport\u00f3w zimowych.","og_url":"https:\/\/sportano.pl\/blog\/bielizna-termoaktywna-meska-wybierz-idealny-komplet-na-jesien-i-zime\/","article_published_time":"2025-10-03T15:16:36+00:00","article_modified_time":"2025-10-07T07:38:31+00:00","og_image":[{"width":816,"height":426,"url":"http:\/\/sportano.pl\/blog\/wp-content\/uploads\/2025\/10\/bielizna-termoaktywnameska-wybierz-idealny-komplet-na-jesien-i-zime.jpg","type":"image\/jpeg"}],"author":"Sylwia Stwora-Petela","twitter_card":"summary_large_image","twitter_misc":{"Napisane przez":"Sylwia Stwora-Petela","Szacowany czas czytania":"10 minut"},"schema":{"@context":"https:\/\/schema.org","@graph":[{"@type":"Article","@id":"https:\/\/sportano.pl\/blog\/bielizna-termoaktywna-meska-wybierz-idealny-komplet-na-jesien-i-zime\/#article","isPartOf":{"@id":"https:\/\/sportano.pl\/blog\/bielizna-termoaktywna-meska-wybierz-idealny-komplet-na-jesien-i-zime\/"},"author":{"name":"Sylwia Stwora-Petela","@id":"https:\/\/sportano.pl\/blog\/#\/schema\/person\/447e02983a6f3d3d9065df3578f7db52"},"headline":"Bielizna termoaktywna m\u0119ska &#8211; wybierz idealny komplet na jesie\u0144 i zim\u0119","datePublished":"2025-10-03T15:16:36+00:00","dateModified":"2025-10-07T07:38:31+00:00","mainEntityOfPage":{"@id":"https:\/\/sportano.pl\/blog\/bielizna-termoaktywna-meska-wybierz-idealny-komplet-na-jesien-i-zime\/"},"wordCount":1646,"publisher":{"@id":"https:\/\/sportano.pl\/blog\/#organization"},"image":{"@id":"https:\/\/sportano.pl\/blog\/bielizna-termoaktywna-meska-wybierz-idealny-komplet-na-jesien-i-zime\/#primaryimage"},"thumbnailUrl":"https:\/\/sportano.pl\/blog\/wp-content\/uploads\/2025\/10\/bielizna-termoaktywnameska-wybierz-idealny-komplet-na-jesien-i-zime.jpg","articleSection":["Odkryj \u015bwiat sport\u00f3w zimowych"],"inLanguage":"pl-PL"},{"@type":"WebPage","@id":"https:\/\/sportano.pl\/blog\/bielizna-termoaktywna-meska-wybierz-idealny-komplet-na-jesien-i-zime\/","url":"https:\/\/sportano.pl\/blog\/bielizna-termoaktywna-meska-wybierz-idealny-komplet-na-jesien-i-zime\/","name":"Bielizna termoaktywna m\u0119ska - wybierz idealny komplet na jesie\u0144 i zim\u0119 - Blog Sportano.pl","isPartOf":{"@id":"https:\/\/sportano.pl\/blog\/#website"},"primaryImageOfPage":{"@id":"https:\/\/sportano.pl\/blog\/bielizna-termoaktywna-meska-wybierz-idealny-komplet-na-jesien-i-zime\/#primaryimage"},"image":{"@id":"https:\/\/sportano.pl\/blog\/bielizna-termoaktywna-meska-wybierz-idealny-komplet-na-jesien-i-zime\/#primaryimage"},"thumbnailUrl":"https:\/\/sportano.pl\/blog\/wp-content\/uploads\/2025\/10\/bielizna-termoaktywnameska-wybierz-idealny-komplet-na-jesien-i-zime.jpg","datePublished":"2025-10-03T15:16:36+00:00","dateModified":"2025-10-07T07:38:31+00:00","description":"Bielizna termoaktywna m\u0119ska - zapewnij sobie ciep\u0142o i komfort w ch\u0142odne dni. Sprawd\u017a komplety idealne do sport\u00f3w zimowych.","breadcrumb":{"@id":"https:\/\/sportano.pl\/blog\/bielizna-termoaktywna-meska-wybierz-idealny-komplet-na-jesien-i-zime\/#breadcrumb"},"inLanguage":"pl-PL","potentialAction":[{"@type":"ReadAction","target":["https:\/\/sportano.pl\/blog\/bielizna-termoaktywna-meska-wybierz-idealny-komplet-na-jesien-i-zime\/"]}]},{"@type":"ImageObject","inLanguage":"pl-PL","@id":"https:\/\/sportano.pl\/blog\/bielizna-termoaktywna-meska-wybierz-idealny-komplet-na-jesien-i-zime\/#primaryimage","url":"https:\/\/sportano.pl\/blog\/wp-content\/uploads\/2025\/10\/bielizna-termoaktywnameska-wybierz-idealny-komplet-na-jesien-i-zime.jpg","contentUrl":"https:\/\/sportano.pl\/blog\/wp-content\/uploads\/2025\/10\/bielizna-termoaktywnameska-wybierz-idealny-komplet-na-jesien-i-zime.jpg","width":816,"height":426,"caption":"M\u0119\u017cczyzna i kobieta prezentuj\u0105 termoaktywn\u0105 bielizn\u0119 idealn\u0105 na jesie\u0144 i zim\u0119"},{"@type":"BreadcrumbList","@id":"https:\/\/sportano.pl\/blog\/bielizna-termoaktywna-meska-wybierz-idealny-komplet-na-jesien-i-zime\/#breadcrumb","itemListElement":[{"@type":"ListItem","position":1,"name":"Strona g\u0142\u00f3wna","item":"https:\/\/sportano.pl\/blog\/"},{"@type":"ListItem","position":2,"name":"Bielizna termoaktywna m\u0119ska &#8211; wybierz idealny komplet na jesie\u0144 i zim\u0119"}]},{"@type":"WebSite","@id":"https:\/\/sportano.pl\/blog\/#website","url":"https:\/\/sportano.pl\/blog\/","name":"","description":"","publisher":{"@id":"https:\/\/sportano.pl\/blog\/#organization"},"potentialAction":[{"@type":"SearchAction","target":{"@type":"EntryPoint","urlTemplate":"https:\/\/sportano.pl\/blog\/?s={search_term_string}"},"query-input":{"@type":"PropertyValueSpecification","valueRequired":true,"valueName":"search_term_string"}}],"inLanguage":"pl-PL"},{"@type":"Organization","@id":"https:\/\/sportano.pl\/blog\/#organization","name":"Sportano.pl","url":"https:\/\/sportano.pl\/blog\/","logo":{"@type":"ImageObject","inLanguage":"pl-PL","@id":"https:\/\/sportano.pl\/blog\/#\/schema\/logo\/image\/","url":"http:\/\/sportano.pl\/blog\/wp-content\/uploads\/2022\/04\/sportano-blog-logo.png","contentUrl":"http:\/\/sportano.pl\/blog\/wp-content\/uploads\/2022\/04\/sportano-blog-logo.png","width":1200,"height":200,"caption":"Sportano.pl"},"image":{"@id":"https:\/\/sportano.pl\/blog\/#\/schema\/logo\/image\/"}},{"@type":"Person","@id":"https:\/\/sportano.pl\/blog\/#\/schema\/person\/447e02983a6f3d3d9065df3578f7db52","name":"Sylwia Stwora-Petela","image":{"@type":"ImageObject","inLanguage":"pl-PL","@id":"https:\/\/sportano.pl\/blog\/#\/schema\/person\/image\/","url":"https:\/\/sportano.pl\/blog\/wp-content\/uploads\/nsl_avatars\/52d3b69495b3bb32dafd1c9e4d45ef6f.png","contentUrl":"https:\/\/sportano.pl\/blog\/wp-content\/uploads\/nsl_avatars\/52d3b69495b3bb32dafd1c9e4d45ef6f.png","caption":"Sylwia Stwora-Petela"}}]}},"_links":{"self":[{"href":"https:\/\/sportano.pl\/blog\/wp-json\/wp\/v2\/posts\/25439","targetHints":{"allow":["GET"]}}],"collection":[{"href":"https:\/\/sportano.pl\/blog\/wp-json\/wp\/v2\/posts"}],"about":[{"href":"https:\/\/sportano.pl\/blog\/wp-json\/wp\/v2\/types\/post"}],"author":[{"embeddable":true,"href":"https:\/\/sportano.pl\/blog\/wp-json\/wp\/v2\/users\/7"}],"replies":[{"embeddable":true,"href":"https:\/\/sportano.pl\/blog\/wp-json\/wp\/v2\/comments?post=25439"}],"version-history":[{"count":18,"href":"https:\/\/sportano.pl\/blog\/wp-json\/wp\/v2\/posts\/25439\/revisions"}],"predecessor-version":[{"id":25514,"href":"https:\/\/sportano.pl\/blog\/wp-json\/wp\/v2\/posts\/25439\/revisions\/25514"}],"wp:featuredmedia":[{"embeddable":true,"href":"https:\/\/sportano.pl\/blog\/wp-json\/wp\/v2\/media\/25462"}],"wp:attachment":[{"href":"https:\/\/sportano.pl\/blog\/wp-json\/wp\/v2\/media?parent=25439"}],"wp:term":[{"taxonomy":"category","embeddable":true,"href":"https:\/\/sportano.pl\/blog\/wp-json\/wp\/v2\/categories?post=25439"},{"taxonomy":"post_tag","embeddable":true,"href":"https:\/\/sportano.pl\/blog\/wp-json\/wp\/v2\/tags?post=25439"}],"curies":[{"name":"wp","href":"https:\/\/api.w.org\/{rel}","templated":true}]}}