{"id":2717,"date":"2023-04-26T05:41:59","date_gmt":"2023-04-26T05:41:59","guid":{"rendered":"https:\/\/sportano.pl\/blog\/?p=2717"},"modified":"2025-05-19T10:43:13","modified_gmt":"2025-05-19T10:43:13","slug":"korona-gor-polski-czym-jest-jakie-szczyty-obejmuje-i-jak-ja-zdobyc","status":"publish","type":"post","link":"https:\/\/sportano.pl\/blog\/korona-gor-polski-czym-jest-jakie-szczyty-obejmuje-i-jak-ja-zdobyc\/","title":{"rendered":"Korona G\u00f3r Polski \u2013 czym jest, jakie szczyty obejmuje i jak j\u0105 zdoby\u0107?"},"content":{"rendered":"\n<p><strong>Korona G\u00f3r Polski to umowna lista 28 szczyt\u00f3w b\u0119d\u0105cych najwy\u017cszymi punktami wszystkich polskich pasm g\u00f3rskich, na kt\u00f3re mo\u017cna dotrze\u0107 oznakowanym szlakiem turystycznym. Zaplanowanie i zrealizowanie tylu wypraw wymaga odpowiedniego przygotowania, pozwala zdoby\u0107 sporo turystycznego do\u015bwiadczenia i jest znakomitym sposobem na aktywne sp\u0119dzanie czasu. Poznaj wykaz szczyt\u00f3w nale\u017c\u0105cych do KGP oraz dowiedz si\u0119, jak zdoby\u0107 odznak\u0119 Zdobywcy Korony G\u00f3r Polski.<\/strong><\/p>\n\n\n\n<h2 class=\"wp-block-heading\">Jak powsta\u0142a Lista Korony G\u00f3r Polski?<\/h2>\n\n\n\n<p>Aby spopularyzowa\u0107 mniej znane, rzadziej odwiedzane, ale warte zdobycia pi\u0119kne szczyty na terenie Polski, w 1997 roku pod egid\u0105 czasopisma turystyczno-krajoznawczego \u201ePoznaj Sw\u00f3j Kraj\u201d powsta\u0142 <strong>Klub Zdobywc\u00f3w Korony G\u00f3r Polskich<\/strong>. Od 2016 roku dzia\u0142a on jako samodzielna organizacja. Cz\u0142onkami Klubu zosta\u0142o ju\u017c ponad 120 tys. os\u00f3b, a przesz\u0142o 5 tys. otrzyma\u0142o tytu\u0142 Zdobywcy Korony G\u00f3r Polski. <\/p>\n\n\n\n<p>Pomys\u0142odawcy chcieli w ten spos\u00f3b zach\u0119ci\u0107 Polak\u00f3w do uprawiania turystyki g\u00f3rskiej, pog\u0142\u0119biania wiedzy o polskich g\u00f3rach i poznawania nie tylko tych najpopularniejszych pasm g\u00f3rskich, jak: Tatry, Karkonosze czy Bieszczady. Korona G\u00f3r Polski to tak\u017ce mniej znane Rudawy Janowickie czy G\u00f3ry Z\u0142ote. <\/p>\n\n\n\n<p>Na li\u015bcie znalaz\u0142o si\u0119 28 szczyt\u00f3w, kt\u00f3rych odwiedzenie jest okazj\u0105 nie tylko do aktywno\u015bci fizycznej, ale te\u017c pozwoli bli\u017cej pozna\u0107 dane miejsca, ich specyficzny klimat, lokaln\u0105 kultur\u0119, czy \u2013 nieraz niezwykle skomplikowan\u0105 i niejednoznaczn\u0105 \u2013 histori\u0119. Przy okazji mo\u017cna pozna\u0107 lokaln\u0105 kuchni\u0119, spotka\u0107 ludzi dziel\u0105cych t\u0119 sam\u0105 pasj\u0119 i nabiera\u0107 sporo turystycznego do\u015bwiadczenia.<\/p>\n\n\n\n<figure class=\"wp-block-image size-full\"><img loading=\"lazy\" decoding=\"async\" width=\"816\" height=\"426\" src=\"http:\/\/sportano.pl\/blog\/wp-content\/uploads\/2023\/04\/sniezka-jeden-ze-szczytow-korony-gor-polski.jpg\" alt=\"\" class=\"wp-image-2731\" srcset=\"https:\/\/sportano.pl\/blog\/wp-content\/uploads\/2023\/04\/sniezka-jeden-ze-szczytow-korony-gor-polski.jpg 816w, https:\/\/sportano.pl\/blog\/wp-content\/uploads\/2023\/04\/sniezka-jeden-ze-szczytow-korony-gor-polski-300x157.jpg 300w, https:\/\/sportano.pl\/blog\/wp-content\/uploads\/2023\/04\/sniezka-jeden-ze-szczytow-korony-gor-polski-768x401.jpg 768w, https:\/\/sportano.pl\/blog\/wp-content\/uploads\/2023\/04\/sniezka-jeden-ze-szczytow-korony-gor-polski-100x52.jpg 100w\" sizes=\"auto, (max-width: 816px) 100vw, 816px\" \/><\/figure>\n\n\n\n<h2 class=\"wp-block-heading\">Wykaz szczyt\u00f3w nale\u017c\u0105cych do Korony G\u00f3r Polski<\/h2>\n\n\n\n<p>Je\u015bli uszeregujemy szczyty od najwy\u017cszego do najni\u017cszego to list\u0119 b\u0119d\u0105 otwiera\u0107 <strong>Rysy<\/strong>. To najwy\u017cszy szczyt w Polsce, a dok\u0142adniej ich p\u00f3\u0142nocno-zachodni wierzcho\u0142ek po\u0142o\u017cony na granicy polsko-s\u0142owackiej i wznosz\u0105cy si\u0119 2499 m n.p.m. Wy\u017cszy, bo maj\u0105cy 2501 m n.p.m., jest jednak wierzcho\u0142ek po\u0142o\u017cony nieca\u0142e 30 m na po\u0142udniowy wsch\u00f3d. Swego czasu du\u017ce emocje wzbudzi\u0142y pomiary wysoko\u015bci najwy\u017cszego punktu w Tatrach, bo wielu \u017cywi\u0142o nadziej\u0119, \u017ce oka\u017ce si\u0119, \u017ce \u201epolski\u201d wierzcho\u0142ek przekracza 2500 m. Tak si\u0119 jednak nie sta\u0142o, ale poniewa\u017c Tatry wprawdzie powoli, ale ci\u0105gle si\u0119 wypi\u0119trzaj\u0105, w dalekiej przysz\u0142o\u015bci mog\u0105 osi\u0105gn\u0105\u0107 magiczn\u0105 granic\u0119.<\/p>\n\n\n\n<p>Rysy s\u0105 szczeg\u00f3lnym szczytem r\u00f3wnie\u017c z innego powodu. R\u00f3\u017cnica wysoko\u015bci, kt\u00f3r\u0105 nale\u017cy pokona\u0107, aby dosta\u0107 si\u0119 na szczyt jest znacznie wi\u0119ksza ni\u017c w przypadku wszystkich pozosta\u0142ych wierzcho\u0142k\u00f3w. Wynosi blisko 1200 m, je\u015bli wyruszycie spod schroniska nad Morskim Okiem i a\u017c 1670 m, je\u015bli punktem startu b\u0119dzie parking przy wej\u015bciu do <strong>Tatrza\u0144skiego Parku Narodowego<\/strong>. To niemal tyle, ile wynosi wysoko\u015b\u0107 drugiego szczytu na li\u015bcie, czyli<strong> <\/strong>Babiej G\u00f3ry. O tym, jak wej\u015b\u0107 na Rysy od strony polskiej lub s\u0142owackiej przeczytasz w naszym poradniku: <a href=\"https:\/\/sportano.pl\/blog\/szlak-na-rysy-wejscie-na-rysy-od-strony-morskiego-oka-oraz-od-strony-slowackiej\/\" target=\"_blank\" rel=\"noreferrer noopener\">Szlak na Rysy.<\/a><\/p>\n\n\n<p><\/p>\n\n\n<p>Opr\u00f3cz Rys\u00f3w, Korona G\u00f3r Polski to jeszcze trzyna\u015bcie szczyt\u00f3w, kt\u00f3re maj\u0105 wysoko\u015b\u0107 przekraczaj\u0105c\u0105 1000 m n.p.m. Ca\u0142o\u015b\u0107 zamyka <strong>\u0141ysica<\/strong>, le\u017c\u0105ca samotnie na p\u00f3\u0142noc od pozosta\u0142ych szczyt\u00f3w. To najwy\u017cszy punkt <strong>G\u00f3r \u015awi\u0119tokrzyskich<\/strong>, kt\u00f3ry jest zwany te\u017c <strong>G\u00f3r\u0105 \u015awi\u0119tej Katarzyny<\/strong>.<\/p>\n\n\n\n<h3 class=\"wp-block-heading\"><strong>Lista 28 najwy\u017cszych szczyt\u00f3w Korony G\u00f3r Polski<\/strong><\/h3>\n\n\n\n<p>Oto wykaz szczyt\u00f3w KGP od najwy\u017cszego do najni\u017cszego:<\/p>\n\n\n\n<figure class=\"wp-block-table is-style-stripes\"><table><tbody><tr><td class=\"has-text-align-center\" data-align=\"center\">1.<\/td><td class=\"has-text-align-center\" data-align=\"center\">Rysy<\/td><td class=\"has-text-align-center\" data-align=\"center\">Tatry<\/td><td class=\"has-text-align-center\" data-align=\"center\">2499 m n.p.m.<\/td><\/tr><tr><td class=\"has-text-align-center\" data-align=\"center\">2.<\/td><td class=\"has-text-align-center\" data-align=\"center\">Babia G\u00f3ra<\/td><td class=\"has-text-align-center\" data-align=\"center\">Beskid \u017bywiecki<\/td><td class=\"has-text-align-center\" data-align=\"center\">1725 m n.p.m.<\/td><\/tr><tr><td class=\"has-text-align-center\" data-align=\"center\">3.<\/td><td class=\"has-text-align-center\" data-align=\"center\">\u015anie\u017cka<\/td><td class=\"has-text-align-center\" data-align=\"center\">Karkonosze<\/td><td class=\"has-text-align-center\" data-align=\"center\">1603 m n.p.m.<\/td><\/tr><tr><td class=\"has-text-align-center\" data-align=\"center\">4.<\/td><td class=\"has-text-align-center\" data-align=\"center\">\u015anie\u017cnik<\/td><td class=\"has-text-align-center\" data-align=\"center\">Masyw \u015anie\u017cnika<\/td><td class=\"has-text-align-center\" data-align=\"center\">1423 m n.p.m.<\/td><\/tr><tr><td class=\"has-text-align-center\" data-align=\"center\">5.<\/td><td class=\"has-text-align-center\" data-align=\"center\">Tarnica<\/td><td class=\"has-text-align-center\" data-align=\"center\">Bieszczady Zachodnie<\/td><td class=\"has-text-align-center\" data-align=\"center\">1346 m n.p.m.<\/td><\/tr><tr><td class=\"has-text-align-center\" data-align=\"center\">6.<\/td><td class=\"has-text-align-center\" data-align=\"center\">Turbacz<\/td><td class=\"has-text-align-center\" data-align=\"center\">Gorce<\/td><td class=\"has-text-align-center\" data-align=\"center\">1310 m n.p.m.<\/td><\/tr><tr><td class=\"has-text-align-center\" data-align=\"center\">7.<\/td><td class=\"has-text-align-center\" data-align=\"center\">Radziejowa<\/td><td class=\"has-text-align-center\" data-align=\"center\">Beskid Sadecki<\/td><td class=\"has-text-align-center\" data-align=\"center\">1266 m n.p.m.<\/td><\/tr><tr><td class=\"has-text-align-center\" data-align=\"center\">8.<\/td><td class=\"has-text-align-center\" data-align=\"center\">Skrzyczne<\/td><td class=\"has-text-align-center\" data-align=\"center\">Beskid \u015al\u0105ski<\/td><td class=\"has-text-align-center\" data-align=\"center\">1257 m n.p.m.<\/td><\/tr><tr><td class=\"has-text-align-center\" data-align=\"center\">9.<\/td><td class=\"has-text-align-center\" data-align=\"center\">Mogielica<\/td><td class=\"has-text-align-center\" data-align=\"center\">Beskid Wyspowy<\/td><td class=\"has-text-align-center\" data-align=\"center\">1171 m n.p.m<\/td><\/tr><tr><td class=\"has-text-align-center\" data-align=\"center\">10.<\/td><td class=\"has-text-align-center\" data-align=\"center\">Wysoka Kopa<\/td><td class=\"has-text-align-center\" data-align=\"center\">G\u00f3ry Izerskie<\/td><td class=\"has-text-align-center\" data-align=\"center\">1126 m n.p.m.<\/td><\/tr><tr><td class=\"has-text-align-center\" data-align=\"center\">11.<\/td><td class=\"has-text-align-center\" data-align=\"center\">Rudawiec<\/td><td class=\"has-text-align-center\" data-align=\"center\">G\u00f3ry Bialskie<\/td><td class=\"has-text-align-center\" data-align=\"center\">1106 m n.p.m.<\/td><\/tr><tr><td class=\"has-text-align-center\" data-align=\"center\">12.<\/td><td class=\"has-text-align-center\" data-align=\"center\">Orlica<\/td><td class=\"has-text-align-center\" data-align=\"center\">G\u00f3ry Orlickie<\/td><td class=\"has-text-align-center\" data-align=\"center\">1084 m n.p.m.<\/td><\/tr><tr><td class=\"has-text-align-center\" data-align=\"center\">13.<\/td><td class=\"has-text-align-center\" data-align=\"center\">Wysoka<\/td><td class=\"has-text-align-center\" data-align=\"center\">Pieniny<\/td><td class=\"has-text-align-center\" data-align=\"center\">1050 m n.p.m.<\/td><\/tr><tr><td class=\"has-text-align-center\" data-align=\"center\">14.<\/td><td class=\"has-text-align-center\" data-align=\"center\">Wielka Sowa<\/td><td class=\"has-text-align-center\" data-align=\"center\">G\u00f3ry Sowie<\/td><td class=\"has-text-align-center\" data-align=\"center\">1015 m n.p.m.<\/td><\/tr><tr><td class=\"has-text-align-center\" data-align=\"center\">15.<\/td><td class=\"has-text-align-center\" data-align=\"center\">Lackowa<\/td><td class=\"has-text-align-center\" data-align=\"center\">Beskid Niski<\/td><td class=\"has-text-align-center\" data-align=\"center\">997 m n.p.m.<\/td><\/tr><tr><td class=\"has-text-align-center\" data-align=\"center\">16.<\/td><td class=\"has-text-align-center\" data-align=\"center\">Kowad\u0142o<\/td><td class=\"has-text-align-center\" data-align=\"center\">G\u00f3ry Z\u0142ote<\/td><td class=\"has-text-align-center\" data-align=\"center\">989 m n.p.m.<\/td><\/tr><tr><td class=\"has-text-align-center\" data-align=\"center\">17.<\/td><td class=\"has-text-align-center\" data-align=\"center\">Jagodna<\/td><td class=\"has-text-align-center\" data-align=\"center\">G\u00f3ry Bystrzyckie<\/td><td class=\"has-text-align-center\" data-align=\"center\">977 m n.p.m.<\/td><\/tr><tr><td class=\"has-text-align-center\" data-align=\"center\">18.<\/td><td class=\"has-text-align-center\" data-align=\"center\">Skalnik<\/td><td class=\"has-text-align-center\" data-align=\"center\">Rudawy Janowickie<\/td><td class=\"has-text-align-center\" data-align=\"center\">945 m n.p.m.<\/td><\/tr><tr><td class=\"has-text-align-center\" data-align=\"center\">19.<\/td><td class=\"has-text-align-center\" data-align=\"center\">Walig\u00f3ra<\/td><td class=\"has-text-align-center\" data-align=\"center\">G\u00f3ry Kamienne<\/td><td class=\"has-text-align-center\" data-align=\"center\">936 m n.p.m.<\/td><\/tr><tr><td class=\"has-text-align-center\" data-align=\"center\">20.<\/td><td class=\"has-text-align-center\" data-align=\"center\">Czupel<\/td><td class=\"has-text-align-center\" data-align=\"center\">Beskid Ma\u0142y<\/td><td class=\"has-text-align-center\" data-align=\"center\">933 m n.p.m.<\/td><\/tr><tr><td class=\"has-text-align-center\" data-align=\"center\">21.<\/td><td class=\"has-text-align-center\" data-align=\"center\">Szczeliniec Wielki<\/td><td class=\"has-text-align-center\" data-align=\"center\">G\u00f3ry Sto\u0142owe<\/td><td class=\"has-text-align-center\" data-align=\"center\">919 m n.p.m.<\/td><\/tr><tr><td class=\"has-text-align-center\" data-align=\"center\">22.<\/td><td class=\"has-text-align-center\" data-align=\"center\">Lubomir<\/td><td class=\"has-text-align-center\" data-align=\"center\">Beskid Makowski<\/td><td class=\"has-text-align-center\" data-align=\"center\">904 m n.p.m.<\/td><\/tr><tr><td class=\"has-text-align-center\" data-align=\"center\">23.<\/td><td class=\"has-text-align-center\" data-align=\"center\">Biskupia Kopa<\/td><td class=\"has-text-align-center\" data-align=\"center\">G\u00f3ry Opawskie<\/td><td class=\"has-text-align-center\" data-align=\"center\">889 m n.p.m.<\/td><\/tr><tr><td class=\"has-text-align-center\" data-align=\"center\">24.<\/td><td class=\"has-text-align-center\" data-align=\"center\">Che\u0142miec<\/td><td class=\"has-text-align-center\" data-align=\"center\">G\u00f3ry Wa\u0142brzyskie<\/td><td class=\"has-text-align-center\" data-align=\"center\">850 m n.p.m.<\/td><\/tr><tr><td class=\"has-text-align-center\" data-align=\"center\">25.<\/td><td class=\"has-text-align-center\" data-align=\"center\">K\u0142odzka G\u00f3ra<\/td><td class=\"has-text-align-center\" data-align=\"center\">G\u00f3ry Bardzkie<\/td><td class=\"has-text-align-center\" data-align=\"center\">765 m n.p.m.<\/td><\/tr><tr><td class=\"has-text-align-center\" data-align=\"center\">26.<\/td><td class=\"has-text-align-center\" data-align=\"center\">Skopiec<\/td><td class=\"has-text-align-center\" data-align=\"center\">G\u00f3ry Kaczawskie<\/td><td class=\"has-text-align-center\" data-align=\"center\">724 m n.p.m.<\/td><\/tr><tr><td class=\"has-text-align-center\" data-align=\"center\">27.<\/td><td class=\"has-text-align-center\" data-align=\"center\">\u015al\u0119\u017ca<\/td><td class=\"has-text-align-center\" data-align=\"center\">Masyw \u015al\u0119\u017cy<\/td><td class=\"has-text-align-center\" data-align=\"center\">718 m n.p.m.<\/td><\/tr><tr><td class=\"has-text-align-center\" data-align=\"center\">28.<\/td><td class=\"has-text-align-center\" data-align=\"center\">\u0141ysica<\/td><td class=\"has-text-align-center\" data-align=\"center\">G\u00f3ry \u015awi\u0119tokrzyskie<\/td><td class=\"has-text-align-center\" data-align=\"center\">614 m n.p.m.<\/td><\/tr><\/tbody><\/table><\/figure>\n\n\n\n<h2 class=\"wp-block-heading\">Odznaka Zdobywcy Korony G\u00f3r Polski \u2013 jak j\u0105 zdoby\u0107?<\/h2>\n\n\n\n<p>Zdobywanie szczyt\u00f3w samo w sobie przynosi mn\u00f3stwo satysfakcji oraz przyjemno\u015bci. Jednak dodatkow\u0105 motywacj\u0105 do skompletowania wszystkich wej\u015b\u0107 i znakomit\u0105 pami\u0105tk\u0105 jest <strong>odznaka Zdobywcy Korony G\u00f3r Polskich <\/strong>oraz przynale\u017cno\u015b\u0107 do elitarnego grona os\u00f3b, kt\u00f3re tego dokona\u0142y.<\/p>\n\n\n\n<p>Odznaka jest przyznawana przez Klub Zdobywc\u00f3w Korony G\u00f3r Polski. Wszystkie szczeg\u00f3\u0142owe informacje na temat przynale\u017cno\u015bci do Klubu, procedury potwierdzania wej\u015b\u0107 znajdziecie na stronie kgp.info.pl. W najwi\u0119kszym uproszczeniu wygl\u0105da to nast\u0119puj\u0105co:<\/p>\n\n\n\n<ul class=\"wp-block-list\">\n<li>zapisujesz si\u0119 do Klubu (musisz mie\u0107 sko\u0144czone 7 lat) i zamawiasz ksi\u0105\u017ceczk\u0119 KGP;<\/li>\n\n\n\n<li>zdobywasz kolejne szczyty (nie ma ogranicze\u0144 czasowych czy wyznaczonej kolejno\u015bci), ka\u017cdorazowo potwierdzaj\u0105c to zdj\u0119ciem ze szczytu i piecz\u0105tk\u0105 (przybija j\u0105 np. obiekt turystyczny znajduj\u0105cy si\u0119 najbli\u017cej danego szczytu);<\/li>\n\n\n\n<li>ksi\u0105\u017ceczk\u0119 z uzupe\u0142nionymi stronami wszystkich 28 szczyt\u00f3w wysy\u0142asz do Klubu;<\/li>\n\n\n\n<li>po weryfikacji ksi\u0105\u017ceczki oraz spotkaniu z Lo\u017c\u0105 Zdobywc\u00f3w i pozytywnym przej\u015bciu weryfikacji (specjalna Komisja w czasie rozmowy sprawdzi, czy rzeczywi\u015bcie by\u0142e\u015b we wskazanych miejscach, przeprowadzaj\u0105c &#8222;test wedzy&#8221;), dostajesz upragnion\u0105 odznak\u0119 i zostajesz pe\u0142noprawnym Zdobywc\u0105 Korony G\u00f3r Polski.<\/li>\n<\/ul>\n\n\n\n<figure class=\"wp-block-image size-full\"><img loading=\"lazy\" decoding=\"async\" width=\"816\" height=\"426\" src=\"http:\/\/sportano.pl\/blog\/wp-content\/uploads\/2023\/04\/turbacz-jeden-z-28-szczytow-korony-gor-polski.jpg\" alt=\"\" class=\"wp-image-2735\" srcset=\"https:\/\/sportano.pl\/blog\/wp-content\/uploads\/2023\/04\/turbacz-jeden-z-28-szczytow-korony-gor-polski.jpg 816w, https:\/\/sportano.pl\/blog\/wp-content\/uploads\/2023\/04\/turbacz-jeden-z-28-szczytow-korony-gor-polski-300x157.jpg 300w, https:\/\/sportano.pl\/blog\/wp-content\/uploads\/2023\/04\/turbacz-jeden-z-28-szczytow-korony-gor-polski-768x401.jpg 768w, https:\/\/sportano.pl\/blog\/wp-content\/uploads\/2023\/04\/turbacz-jeden-z-28-szczytow-korony-gor-polski-100x52.jpg 100w\" sizes=\"auto, (max-width: 816px) 100vw, 816px\" \/><\/figure>\n\n\n\n<h2 class=\"wp-block-heading\">Jakie trudno\u015bci czekaj\u0105 na szlakach wiod\u0105cych na szczyty Korony G\u00f3r Polski?<\/h2>\n\n\n\n<p>Ocena trudno\u015bci szlaku mog\u0142aby wydawa\u0107 si\u0119 do\u015b\u0107 prosta &#8211; im ni\u017csza g\u00f3ra, tym \u0142atwiej j\u0105 zdoby\u0107. S\u0105 jednak wyj\u0105tki, jak cho\u0107by<strong> Lackowa w Beskidzie Niskim<\/strong>, nazywana cz\u0119sto <strong>G\u00f3r\u0105 Policyjn\u0105<\/strong>, z uwagi na jej wysoko\u015b\u0107. Podej\u015bcie na ni\u0105 jest jednym z najbardziej stromych (poza Tatrami) fragment\u00f3w szlaku turystycznego w Polsce. Na dystansie 2 km trzeba pokona\u0107 ponad 350 m r\u00f3\u017cnicy wysoko\u015bci.<\/p>\n\n\n\n<p>Na popularne szczyty, takie jak: <strong>Babia G\u00f3ra <\/strong>(szczeg\u00f3\u0142y w poradniku: <a href=\"https:\/\/sportano.pl\/blog\/szlaki-na-babia-gore-skad-najlepiej-wejsc-na-krolowa-beskidow\/\" target=\"_blank\" rel=\"noreferrer noopener\">Szlaki na Babi\u0105 G\u00f3r\u0119<\/a>)<strong> czy Turbacz<\/strong>, prowadzi kilka szlak\u00f3w turystycznych, mo\u017cna wi\u0119c dobra\u0107 tak\u0105 tras\u0119, kt\u00f3ra b\u0119dzie dla Ciebie odpowiednia. Szacowane czasy przej\u015b\u0107 poszczeg\u00f3lnych odcink\u00f3w szlak\u00f3w g\u00f3rskich mo\u017cecie \u0142atwo por\u00f3wna\u0107, korzystaj\u0105c z serwisu mapa-turystyczna.pl. Wystarczy wyznaczy\u0107 punkt pocz\u0105tkowy i punkt ko\u0144cowy trasy a otrzymacie map\u0119 najkr\u00f3tszej trasy prowadz\u0105cej wyznaczonym szlakiem, szacowany czas przej\u015bcia, ilo\u015b\u0107 punkt\u00f3w GOT (G\u00f3rska Odznaka Turystyczna) oraz profil trasy. Za pomoc\u0105 serwisu mo\u017cna planowa\u0107 skomplikowane trasy, prowadz\u0105ce przez wiele szczyt\u00f3w i niekoniecznie wiod\u0105ce najkr\u00f3tsz\u0105 drog\u0105 mi\u0119dzy nimi.<\/p>\n\n\n<p><\/p>\n\n\n<h3 class=\"wp-block-heading\">Wej\u015bcie na Rysy &#8211; trudno\u015bci<\/h3>\n\n\n\n<p>Z ca\u0142\u0105 pewno\u015bci\u0105 najwi\u0119kszym wyzwaniem jest zdobycie Rys\u00f3w. Nie tylko dlatego, \u017ce do pokonania jest najwi\u0119ksza r\u00f3\u017cnica wysoko\u015bci, i \u017ce dotarcie na wierzcho\u0142ek &#8211; od wej\u015bcia do TPN na Palenicy Bia\u0142cza\u0144skiej i z powrotem &#8211; zajmuje dobre kilkana\u015bcie godzin. Dla wielu turyst\u00f3w czerwony szlak wiod\u0105cy na najwy\u017cszy szczyt w Polsce b\u0119dzie pierwszym zetkni\u0119ciem z trudno\u015bciami typu alpejskiego. Na najbardziej wymagaj\u0105cych fragmentach szlaku znajduj\u0105 si\u0119 tzw. sztuczne u\u0142atwienia, czyli \u0142a\u0144cuchy, kt\u00f3rych mo\u017cna \u2013 a w wielu miejscach nale\u017cy &#8211; si\u0119 trzyma\u0107, \u017ceby pokona\u0107 stromy odcinek. <\/p>\n\n\n\n<p>Sporym problem jest r\u00f3wnie\u017c ekspozycja, czyli otwarta przestrze\u0144, kt\u00f3r\u0105 napotykamy tu\u017c obok siebie wielokrotnie wspinaj\u0105c si\u0119 na Rysy. Przy tej d\u0142ugo\u015bci wycieczki, nale\u017cy r\u00f3wnie\u017c by\u0107 przygotowanym na nag\u0142\u0105 zmian\u0119 pogody. Na wysoko\u015bci ponad 2000 m b\u0119d\u0105 inne warunki ni\u017c na dole w Zakopanem. W mie\u015bcie mo\u017ce \u015bwieci\u0107 s\u0142o\u0144ce, a na szczycie pada\u0107 deszcz a nawet \u015bnieg. Wyprawa na Rysy jest jednak zwykle ukoronowaniem projektu zdobycia 28 szczyt\u00f3w, zatem wi\u0119kszo\u015b\u0107 z Was wyruszaj\u0105c w Tatry b\u0119dzie mie\u0107 ju\u017c spore do\u015bwiadczenie i na pewno unikniecie najprostszych b\u0142\u0119d\u00f3w.<\/p>\n\n\n\n<p>Zaplanowanie 28 wycieczek g\u00f3rskich wymaga pewnego wysi\u0142ku. Poza przygotowaniem si\u0119 do samej wyprawy, wybraniem i spakowaniem odpowiedniej <a href=\"https:\/\/sportano.pl\/odziez-turystyczna-i-trekkingowa\" target=\"_blank\" rel=\"noreferrer noopener\">odzie\u017cy turystycznej<\/a> i sprz\u0119tu, trzeba zaplanowa\u0107 dojazd oraz nierzadko nocleg. Czysto organizacyjnie to ca\u0142kiem spore przedsi\u0119wzi\u0119cie, wi\u0119c nie ma si\u0119 co dziwi\u0107, \u017ce wielu Zdobywc\u00f3w Korony G\u00f3r Polski potrzebowa\u0142o na ca\u0142o\u015b\u0107 kilku lat.<\/p>\n\n\n<p><\/p>\n\n\n<h2 class=\"wp-block-heading\">Rekordy zwi\u0105zane z KGP<\/h2>\n\n\n\n<p>Ka\u017cda podobna lista cel\u00f3w wcze\u015bniej czy p\u00f3\u017aniej spowoduje, \u017ce znajdzie si\u0119 osoba chc\u0105ca sprawdzi\u0107 jak szybko da si\u0119 to zrobi\u0107. Nie inaczej jest w przypadku <strong>28 szczyt\u00f3w Korony G\u00f3r Polski<\/strong>. Trzeba tu zaznaczy\u0107, \u017ce nikt nie przeszed\u0142 trasy \u0142\u0105cz\u0105cej je wszystkie. Rekordowe przej\u015bcia (tzw. Fastest Known Time, czyli FKT) to wej\u015bcia na ka\u017cdy szczyt z osobna po\u0142\u0105czone przejazdami pomi\u0119dzy nimi samochodem. Przy tak wy\u015brubowanych wynikach ka\u017cdy szczeg\u00f3\u0142 ma znaczenie, wi\u0119c przyj\u0119\u0142o si\u0119 oddzielnie kategoryzowa\u0107:<\/p>\n\n\n\n<ul class=\"wp-block-list\">\n<li>czasy uzyskane ze wsparciem, kiedy zawodnikowi lub zawodnikom (bo czasem taka pr\u00f3ba odbywa si\u0119 na przyk\u0142ad w dwuosobowym zespole) pomagaj\u0105 inne osoby, np.: prowadz\u0105c samoch\u00f3d, dostarczaj\u0105c jedzenie i sprz\u0119t lub zapewniaj\u0105c fizjoterapi\u0119 na postojach;<\/li>\n\n\n\n<li>czasy uzyskane bez wsparcia, kiedy zawodnik pokonuje tras\u0119 sam i nie ma \u017cadnej pomocy w trakcie pr\u00f3by.<\/li>\n<\/ul>\n\n\n\n<p>Obecnie najszybsze wyniki to:<\/p>\n\n\n\n<ul class=\"wp-block-list\">\n<li>bez wsparcia \u2013 Mi\u0142osz Szcz\u0119\u015bniewski &#8211;&nbsp; 2 dni 13 godzin 36 minut&nbsp; 44 sekundy \u2013 nieco ponad 61,5&nbsp; godziny;<\/li>\n\n\n\n<li>ze wsparciem \u2013 Kacper Mrowiec \u2013 3 dni 58 minut \u2013 niemal dok\u0142adnie 73 godziny;<\/li>\n\n\n\n<li>zim\u0105 (ze wsparciem) \u2013 Roman Ficek \u2013 3 dni 10 godzin 50 minut \u2013 poni\u017cej 83 godzin.<\/li>\n<\/ul>\n<div id=\"synerise-rekomendacje\" class=\"synerise\"><\/div>","protected":false},"excerpt":{"rendered":"<p>Korona G\u00f3r Polski to umowna lista 28 szczyt\u00f3w b\u0119d\u0105cych najwy\u017cszymi punktami wszystkich polskich pasm g\u00f3rskich, na kt\u00f3re mo\u017cna dotrze\u0107 oznakowanym szlakiem turystycznym. Zaplanowanie i zrealizowanie tylu wypraw wymaga odpowiedniego przygotowania, pozwala zdoby\u0107 sporo turystycznego do\u015bwiadczenia i jest znakomitym sposobem na aktywne sp\u0119dzanie czasu. Poznaj wykaz szczyt\u00f3w nale\u017c\u0105cych do KGP oraz dowiedz si\u0119, jak zdoby\u0107 odznak\u0119 [&hellip;]<\/p>\n","protected":false},"author":1,"featured_media":2732,"comment_status":"closed","ping_status":"closed","sticky":false,"template":"","format":"standard","meta":{"_acf_changed":false,"footnotes":""},"categories":[11],"tags":[],"class_list":["post-2717","post","type-post","status-publish","format-standard","has-post-thumbnail","hentry","category-turystyka"],"acf":[],"yoast_head":"<!-- This site is optimized with the Yoast SEO plugin v27.1.1 - https:\/\/yoast.com\/product\/yoast-seo-wordpress\/ -->\n<title>Korona G\u00f3r Polski \u2013 czym jest, jakie szczyty obejmuje i jak j\u0105 zdoby\u0107? - Blog Sportano.pl<\/title>\n<meta name=\"description\" content=\"Korona G\u00f3r Polski to umowna lista 28 najwy\u017cszych szczyt\u00f3w polskich pasm g\u00f3rskich, na kt\u00f3re dotrzesz oznakowanym szlakiem turystycznym.\" \/>\n<meta name=\"robots\" content=\"index, follow, max-snippet:-1, max-image-preview:large, max-video-preview:-1\" \/>\n<link rel=\"canonical\" href=\"https:\/\/sportano.pl\/blog\/korona-gor-polski-czym-jest-jakie-szczyty-obejmuje-i-jak-ja-zdobyc\/\" \/>\n<meta property=\"og:locale\" content=\"pl_PL\" \/>\n<meta property=\"og:type\" content=\"article\" \/>\n<meta property=\"og:title\" content=\"Korona G\u00f3r Polski \u2013 czym jest, jakie szczyty obejmuje i jak j\u0105 zdoby\u0107? - Blog Sportano.pl\" \/>\n<meta property=\"og:description\" content=\"Korona G\u00f3r Polski to umowna lista 28 najwy\u017cszych szczyt\u00f3w polskich pasm g\u00f3rskich, na kt\u00f3re dotrzesz oznakowanym szlakiem turystycznym.\" \/>\n<meta property=\"og:url\" content=\"https:\/\/sportano.pl\/blog\/korona-gor-polski-czym-jest-jakie-szczyty-obejmuje-i-jak-ja-zdobyc\/\" \/>\n<meta property=\"article:published_time\" content=\"2023-04-26T05:41:59+00:00\" \/>\n<meta property=\"article:modified_time\" content=\"2025-05-19T10:43:13+00:00\" \/>\n<meta property=\"og:image\" content=\"http:\/\/sportano.pl\/blog\/wp-content\/uploads\/2023\/04\/korona-gor-polski-czym-jest-jakie-szczyty-obejmuje-i-jak-ja-zdobyc.png\" \/>\n\t<meta property=\"og:image:width\" content=\"816\" \/>\n\t<meta property=\"og:image:height\" content=\"426\" \/>\n\t<meta property=\"og:image:type\" content=\"image\/png\" \/>\n<meta name=\"author\" content=\"admin\" \/>\n<meta name=\"twitter:card\" content=\"summary_large_image\" \/>\n<meta name=\"twitter:label1\" content=\"Napisane przez\" \/>\n\t<meta name=\"twitter:data1\" content=\"admin\" \/>\n\t<meta name=\"twitter:label2\" content=\"Szacowany czas czytania\" \/>\n\t<meta name=\"twitter:data2\" content=\"9 minut\" \/>\n<!-- \/ Yoast SEO plugin. -->","yoast_head_json":{"title":"Korona G\u00f3r Polski \u2013 czym jest, jakie szczyty obejmuje i jak j\u0105 zdoby\u0107? - Blog Sportano.pl","description":"Korona G\u00f3r Polski to umowna lista 28 najwy\u017cszych szczyt\u00f3w polskich pasm g\u00f3rskich, na kt\u00f3re dotrzesz oznakowanym szlakiem turystycznym.","robots":{"index":"index","follow":"follow","max-snippet":"max-snippet:-1","max-image-preview":"max-image-preview:large","max-video-preview":"max-video-preview:-1"},"canonical":"https:\/\/sportano.pl\/blog\/korona-gor-polski-czym-jest-jakie-szczyty-obejmuje-i-jak-ja-zdobyc\/","og_locale":"pl_PL","og_type":"article","og_title":"Korona G\u00f3r Polski \u2013 czym jest, jakie szczyty obejmuje i jak j\u0105 zdoby\u0107? - Blog Sportano.pl","og_description":"Korona G\u00f3r Polski to umowna lista 28 najwy\u017cszych szczyt\u00f3w polskich pasm g\u00f3rskich, na kt\u00f3re dotrzesz oznakowanym szlakiem turystycznym.","og_url":"https:\/\/sportano.pl\/blog\/korona-gor-polski-czym-jest-jakie-szczyty-obejmuje-i-jak-ja-zdobyc\/","article_published_time":"2023-04-26T05:41:59+00:00","article_modified_time":"2025-05-19T10:43:13+00:00","og_image":[{"width":816,"height":426,"url":"http:\/\/sportano.pl\/blog\/wp-content\/uploads\/2023\/04\/korona-gor-polski-czym-jest-jakie-szczyty-obejmuje-i-jak-ja-zdobyc.png","type":"image\/png"}],"author":"admin","twitter_card":"summary_large_image","twitter_misc":{"Napisane przez":"admin","Szacowany czas czytania":"9 minut"},"schema":{"@context":"https:\/\/schema.org","@graph":[{"@type":"Article","@id":"https:\/\/sportano.pl\/blog\/korona-gor-polski-czym-jest-jakie-szczyty-obejmuje-i-jak-ja-zdobyc\/#article","isPartOf":{"@id":"https:\/\/sportano.pl\/blog\/korona-gor-polski-czym-jest-jakie-szczyty-obejmuje-i-jak-ja-zdobyc\/"},"author":{"name":"admin","@id":"https:\/\/sportano.pl\/blog\/#\/schema\/person\/8ddb00207661910ff17048ef9275aabd"},"headline":"Korona G\u00f3r Polski \u2013 czym jest, jakie szczyty obejmuje i jak j\u0105 zdoby\u0107?","datePublished":"2023-04-26T05:41:59+00:00","dateModified":"2025-05-19T10:43:13+00:00","mainEntityOfPage":{"@id":"https:\/\/sportano.pl\/blog\/korona-gor-polski-czym-jest-jakie-szczyty-obejmuje-i-jak-ja-zdobyc\/"},"wordCount":1685,"publisher":{"@id":"https:\/\/sportano.pl\/blog\/#organization"},"image":{"@id":"https:\/\/sportano.pl\/blog\/korona-gor-polski-czym-jest-jakie-szczyty-obejmuje-i-jak-ja-zdobyc\/#primaryimage"},"thumbnailUrl":"https:\/\/sportano.pl\/blog\/wp-content\/uploads\/2023\/04\/korona-gor-polski-czym-jest-jakie-szczyty-obejmuje-i-jak-ja-zdobyc.png","articleSection":["Wszystko o turystyce"],"inLanguage":"pl-PL"},{"@type":"WebPage","@id":"https:\/\/sportano.pl\/blog\/korona-gor-polski-czym-jest-jakie-szczyty-obejmuje-i-jak-ja-zdobyc\/","url":"https:\/\/sportano.pl\/blog\/korona-gor-polski-czym-jest-jakie-szczyty-obejmuje-i-jak-ja-zdobyc\/","name":"Korona G\u00f3r Polski \u2013 czym jest, jakie szczyty obejmuje i jak j\u0105 zdoby\u0107? - Blog Sportano.pl","isPartOf":{"@id":"https:\/\/sportano.pl\/blog\/#website"},"primaryImageOfPage":{"@id":"https:\/\/sportano.pl\/blog\/korona-gor-polski-czym-jest-jakie-szczyty-obejmuje-i-jak-ja-zdobyc\/#primaryimage"},"image":{"@id":"https:\/\/sportano.pl\/blog\/korona-gor-polski-czym-jest-jakie-szczyty-obejmuje-i-jak-ja-zdobyc\/#primaryimage"},"thumbnailUrl":"https:\/\/sportano.pl\/blog\/wp-content\/uploads\/2023\/04\/korona-gor-polski-czym-jest-jakie-szczyty-obejmuje-i-jak-ja-zdobyc.png","datePublished":"2023-04-26T05:41:59+00:00","dateModified":"2025-05-19T10:43:13+00:00","description":"Korona G\u00f3r Polski to umowna lista 28 najwy\u017cszych szczyt\u00f3w polskich pasm g\u00f3rskich, na kt\u00f3re dotrzesz oznakowanym szlakiem turystycznym.","breadcrumb":{"@id":"https:\/\/sportano.pl\/blog\/korona-gor-polski-czym-jest-jakie-szczyty-obejmuje-i-jak-ja-zdobyc\/#breadcrumb"},"inLanguage":"pl-PL","potentialAction":[{"@type":"ReadAction","target":["https:\/\/sportano.pl\/blog\/korona-gor-polski-czym-jest-jakie-szczyty-obejmuje-i-jak-ja-zdobyc\/"]}]},{"@type":"ImageObject","inLanguage":"pl-PL","@id":"https:\/\/sportano.pl\/blog\/korona-gor-polski-czym-jest-jakie-szczyty-obejmuje-i-jak-ja-zdobyc\/#primaryimage","url":"https:\/\/sportano.pl\/blog\/wp-content\/uploads\/2023\/04\/korona-gor-polski-czym-jest-jakie-szczyty-obejmuje-i-jak-ja-zdobyc.png","contentUrl":"https:\/\/sportano.pl\/blog\/wp-content\/uploads\/2023\/04\/korona-gor-polski-czym-jest-jakie-szczyty-obejmuje-i-jak-ja-zdobyc.png","width":816,"height":426,"caption":"Widok na Tatry"},{"@type":"BreadcrumbList","@id":"https:\/\/sportano.pl\/blog\/korona-gor-polski-czym-jest-jakie-szczyty-obejmuje-i-jak-ja-zdobyc\/#breadcrumb","itemListElement":[{"@type":"ListItem","position":1,"name":"Strona g\u0142\u00f3wna","item":"https:\/\/sportano.pl\/blog\/"},{"@type":"ListItem","position":2,"name":"Korona G\u00f3r Polski \u2013 czym jest, jakie szczyty obejmuje i jak j\u0105 zdoby\u0107?"}]},{"@type":"WebSite","@id":"https:\/\/sportano.pl\/blog\/#website","url":"https:\/\/sportano.pl\/blog\/","name":"","description":"","publisher":{"@id":"https:\/\/sportano.pl\/blog\/#organization"},"potentialAction":[{"@type":"SearchAction","target":{"@type":"EntryPoint","urlTemplate":"https:\/\/sportano.pl\/blog\/?s={search_term_string}"},"query-input":{"@type":"PropertyValueSpecification","valueRequired":true,"valueName":"search_term_string"}}],"inLanguage":"pl-PL"},{"@type":"Organization","@id":"https:\/\/sportano.pl\/blog\/#organization","name":"Sportano.pl","url":"https:\/\/sportano.pl\/blog\/","logo":{"@type":"ImageObject","inLanguage":"pl-PL","@id":"https:\/\/sportano.pl\/blog\/#\/schema\/logo\/image\/","url":"http:\/\/sportano.pl\/blog\/wp-content\/uploads\/2022\/04\/sportano-blog-logo.png","contentUrl":"http:\/\/sportano.pl\/blog\/wp-content\/uploads\/2022\/04\/sportano-blog-logo.png","width":1200,"height":200,"caption":"Sportano.pl"},"image":{"@id":"https:\/\/sportano.pl\/blog\/#\/schema\/logo\/image\/"}},{"@type":"Person","@id":"https:\/\/sportano.pl\/blog\/#\/schema\/person\/8ddb00207661910ff17048ef9275aabd","name":"admin","image":{"@type":"ImageObject","inLanguage":"pl-PL","@id":"https:\/\/sportano.pl\/blog\/#\/schema\/person\/image\/","url":"https:\/\/secure.gravatar.com\/avatar\/3b7ee1ce7c895e52be0366c0f147c3d2e72247807b9efe877155700ff37f9882?s=96&d=mm&r=g","contentUrl":"https:\/\/secure.gravatar.com\/avatar\/3b7ee1ce7c895e52be0366c0f147c3d2e72247807b9efe877155700ff37f9882?s=96&d=mm&r=g","caption":"admin"},"sameAs":["https:\/\/sportano.pl\/blog"]}]}},"_links":{"self":[{"href":"https:\/\/sportano.pl\/blog\/wp-json\/wp\/v2\/posts\/2717","targetHints":{"allow":["GET"]}}],"collection":[{"href":"https:\/\/sportano.pl\/blog\/wp-json\/wp\/v2\/posts"}],"about":[{"href":"https:\/\/sportano.pl\/blog\/wp-json\/wp\/v2\/types\/post"}],"author":[{"embeddable":true,"href":"https:\/\/sportano.pl\/blog\/wp-json\/wp\/v2\/users\/1"}],"replies":[{"embeddable":true,"href":"https:\/\/sportano.pl\/blog\/wp-json\/wp\/v2\/comments?post=2717"}],"version-history":[{"count":27,"href":"https:\/\/sportano.pl\/blog\/wp-json\/wp\/v2\/posts\/2717\/revisions"}],"predecessor-version":[{"id":20937,"href":"https:\/\/sportano.pl\/blog\/wp-json\/wp\/v2\/posts\/2717\/revisions\/20937"}],"wp:featuredmedia":[{"embeddable":true,"href":"https:\/\/sportano.pl\/blog\/wp-json\/wp\/v2\/media\/2732"}],"wp:attachment":[{"href":"https:\/\/sportano.pl\/blog\/wp-json\/wp\/v2\/media?parent=2717"}],"wp:term":[{"taxonomy":"category","embeddable":true,"href":"https:\/\/sportano.pl\/blog\/wp-json\/wp\/v2\/categories?post=2717"},{"taxonomy":"post_tag","embeddable":true,"href":"https:\/\/sportano.pl\/blog\/wp-json\/wp\/v2\/tags?post=2717"}],"curies":[{"name":"wp","href":"https:\/\/api.w.org\/{rel}","templated":true}]}}