{"id":5169,"date":"2025-08-12T08:05:05","date_gmt":"2025-08-12T08:05:05","guid":{"rendered":"https:\/\/sportano.pl\/blog\/?p=5169"},"modified":"2025-08-22T12:02:47","modified_gmt":"2025-08-22T12:02:47","slug":"jaki-plecak-do-szkoly-wybrac-najlepsze-plecaki-szkolne-dla-dziewczynki-chlopca-oraz-mlodziezowe","status":"publish","type":"post","link":"https:\/\/sportano.pl\/blog\/jaki-plecak-do-szkoly-wybrac-najlepsze-plecaki-szkolne-dla-dziewczynki-chlopca-oraz-mlodziezowe\/","title":{"rendered":"Jaki plecak do szko\u0142y wybra\u0107? Najlepsze plecaki szkolne dla dziewczynki, ch\u0142opca oraz m\u0142odzie\u017cowe"},"content":{"rendered":"\n<p><strong>Dobry plecak szkolny powinien by\u0107 lekki, ergonomiczny, dopasowany do wzrostu ucznia i pojemny na tyle, by pomie\u015bci\u0107 wszystkie podr\u0119czniki, zeszyty, str\u00f3j na WF i niezb\u0119dne akcesoria. Sprawd\u017a, jak dobra\u0107 plecak do wzrostu dziecka oraz jak\u0105 powinien mie\u0107 pojemno\u015b\u0107 plecak szkolny dla pierwszoklasisty, starszego dziecka i nastolatka. Dowiedz si\u0119, kiedy lepiej sprawdzi si\u0119 tornister, a kiedy plecak, i na co zwraca\u0107 uwag\u0119 podczas zakupu. Podpowiadamy te\u017c, jakie plecaki wybra\u0107 dla dziewczynek, ch\u0142opc\u00f3w i m\u0142odzie\u017cy.<\/strong><\/p>\n\n\n\n<h2 class=\"wp-block-heading\">Jak dobra\u0107 plecak szkolny do wzrostu dziecka?<\/h2>\n\n\n\n<p>Dob\u00f3r plecaka szkolnego do wzrostu i postury dziecka jest istotny dla zapewnienia mu jak najwy\u017cszego stopnia komfortu i w\u0142a\u015bciwej postawy podczas noszenia. Prawid\u0142owo dopasowane wymiary plecaka gwarantuj\u0105 odpowiednie przyleganie do plec\u00f3w, a znajduj\u0105ce si\u0119 w nim obci\u0105\u017cenie b\u0119dzie r\u00f3wnomiernie roz\u0142o\u017cone. To pozwoli unikn\u0105\u0107 przeci\u0105\u017cenia ramion czy kr\u0119gos\u0142upa, co z kolei b\u0119dzie mia\u0142o wp\u0142yw na wygod\u0119 noszenia szkolnego wyposa\u017cenia i zdrowie dziecka. <\/p>\n\n\n\n<p>Przede wszystkim, <a href=\"https:\/\/sportano.pl\/plecaki-dla-dzieci\" target=\"_blank\" rel=\"noreferrer noopener\">plecak do szko\u0142y<\/a> nie powinien by\u0107 d\u0142u\u017cszy ni\u017c plecy ucznia. G\u00f3rna kraw\u0119d\u017a nie mo\u017ce przekracza\u0107 linii ramion, a dolna znajdowa\u0107 si\u0119 ni\u017cej ni\u017c miednica (ko\u015b\u0107 miedniczna). Zwr\u00f3\u0107 r\u00f3wnie\u017c uwag\u0119, na to, aby nie by\u0142 zbyt szeroki w stosunku do ramion dziecka. Mo\u017ce to powodowa\u0107 trudno\u015bci z utrzymaniem r\u00f3wnowagi. <\/p>\n\n\n\n<p>Decydujesz si\u0119 na plecak wyposa\u017cony w system no\u015bny, czyli pas biodrowy i pas piersiowy? Upewnij si\u0119, \u017ce pierwszy mie\u015bci si\u0119 na wysoko\u015bci bioder, a drugi w obr\u0119bie klatki piersiowej dziecka i zapewnia odpowiednie wsparcie. Zwr\u00f3\u0107 uwag\u0119 na ty\u0142 plecaka &#8211; powinien by\u0107 usztywniony i na tyle ergonomiczny, aby idealnie dopasowywa\u0107 si\u0119 do sylwetki u\u017cytkownika.<\/p>\n\n\n\n<figure class=\"wp-block-image size-full\"><img loading=\"lazy\" decoding=\"async\" width=\"816\" height=\"426\" src=\"http:\/\/sportano.pl\/blog\/wp-content\/uploads\/2023\/08\/pojemnosc-plecaka-szkolnego-a-wiek-dziecka.jpg\" alt=\"Dwoje dzieci z plecakami idzie do szko\u0142y\" class=\"wp-image-5183\" srcset=\"https:\/\/sportano.pl\/blog\/wp-content\/uploads\/2023\/08\/pojemnosc-plecaka-szkolnego-a-wiek-dziecka.jpg 816w, https:\/\/sportano.pl\/blog\/wp-content\/uploads\/2023\/08\/pojemnosc-plecaka-szkolnego-a-wiek-dziecka-300x157.jpg 300w, https:\/\/sportano.pl\/blog\/wp-content\/uploads\/2023\/08\/pojemnosc-plecaka-szkolnego-a-wiek-dziecka-768x401.jpg 768w, https:\/\/sportano.pl\/blog\/wp-content\/uploads\/2023\/08\/pojemnosc-plecaka-szkolnego-a-wiek-dziecka-100x52.jpg 100w\" sizes=\"auto, (max-width: 816px) 100vw, 816px\" \/><\/figure>\n\n\n\n<h2 class=\"wp-block-heading\">Ile litr\u00f3w powinien mie\u0107 plecak do szko\u0142y?<\/h2>\n\n\n\n<p>Je\u015bli chodzi o pojemno\u015b\u0107 plecaka do szko\u0142y, nale\u017cy j\u0105 dostosowa\u0107 do wieku i potrzeb dziecka. Powinna by\u0107 na tyle du\u017ca, aby zapewni\u0107 wystarczaj\u0105co miejsca na przechowywanie wszystkich niezb\u0119dnych przedmiot\u00f3w do szko\u0142y. Jednocze\u015bnie nie mo\u017ce powodowa\u0107 nadmiernego obci\u0105\u017cenia plec\u00f3w i ramion, a tym samym problem\u00f3w z postaw\u0105. We\u017a pod uwag\u0119 to, czy szko\u0142a zapewnia szafki, w kt\u00f3rych dziecko mo\u017ce przechowywa\u0107 niekt\u00f3re rzeczy, czy jednak b\u0119dzie musia\u0142o codziennie d\u017awiga\u0107 ca\u0142y asortyment. Wa\u017cne jest te\u017c to, jakiej d\u0142ugo\u015bci tras\u0119 b\u0119dzie pokonywa\u0107 na drodze dom-szko\u0142a oraz w jaki spos\u00f3b b\u0119dzie dociera\u0107 do szko\u0142y i wraca\u0107 do domu &#8211; pieszo, samochodem, autobusem, itp.<\/p>\n\n\n\n<p>Zr\u00f3b zestawienie przedmiot\u00f3w, kt\u00f3re Twoja pociecha b\u0119dzie nosi\u0107 do szko\u0142y. Opr\u00f3cz ksi\u0105\u017cek, zeszyt\u00f3w, przybor\u00f3w szkolnych (np. pi\u00f3rnik) oraz stroju i obuwia na zaj\u0119cia sportowe, uwzgl\u0119dnij ewentualnie laptop\/tablet czy inne niezb\u0119dne rzeczy (np. akcesoria na zaj\u0119cia plastyczne). Pomo\u017ce Ci to oceni\u0107, ile przestrzeni powinien zapewnia\u0107 plecak. Cz\u0119sto w starszych klasach ilo\u015b\u0107 podr\u0119cznik\u00f3w ro\u015bnie, co wymaga wi\u0119kszego litra\u017cu plecaka ni\u017c w pocz\u0105tkowych latach nauki. Ponadto wybieraj\u0105c litra\u017c plecaka szkolnego, musisz uwzgl\u0119dni\u0107 to, czy dziecko uczestniczy w zaj\u0119ciach dodatkowych i nosi ze sob\u0105 specjalne przedmioty (np. sprz\u0119t sportowy, instrument muzyczny itp.).<\/p>\n\n\n\n\n\n\n\n<h3 class=\"wp-block-heading\">Pojemno\u015b\u0107 plecaka a wiek ucznia<\/h3>\n\n\n\n<p>Og\u00f3lnie zaleca si\u0119, aby pojemno\u015b\u0107 plecaka szkolnego wynosi\u0142a:<\/p>\n\n\n\n<ul class=\"wp-block-list\">\n<li>5-10 l dla przedszkolaka,<\/li>\n\n\n\n<li>10-20 l dla dzieci w wieku od 7 do 11 lat,<\/li>\n\n\n\n<li>20-25 l do 15 r. \u017c.,<\/li>\n\n\n\n<li>25 l i wi\u0119cej dla m\u0142odzie\u017cy z liceum, technikum czy szko\u0142y zawodowej.<\/li>\n<\/ul>\n\n\n\n<p>Je\u015bli chodzi o wag\u0119 plecaka, to og\u00f3lnie zaleca si\u0119, aby w zale\u017cno\u015bci od grupy wiekowej nie przekracza\u0142a 10-15% masy cia\u0142a dziecka.<\/p>\n\n\n\n<p>Warto jednak pami\u0119ta\u0107, \u017ce to tylko og\u00f3lne wytyczne. Ostateczny wyb\u00f3r pojemno\u015bci plecaka powinien uwzgl\u0119dnia\u0107 indywidualne potrzeby, preferencje i wymagania dziecka. Niezale\u017cnie od pojemno\u015bci, wa\u017cne jest, aby plecak zapewnia\u0142 komfortowe noszenie i by\u0142 lekki, poniewa\u017c to pozwoli unikn\u0105\u0107 m.in. wad postawy. Zadbaj o r\u00f3wnowag\u0119 mi\u0119dzy pojemno\u015bci\u0105, wag\u0105, dobr\u0105 organizacj\u0105 przestrzeni a wygod\u0105 noszenia.<\/p>\n\n\n\n<figure class=\"wp-block-image size-full\"><img loading=\"lazy\" decoding=\"async\" width=\"816\" height=\"426\" src=\"http:\/\/sportano.pl\/blog\/wp-content\/uploads\/2023\/08\/plecak-czy-tornister-co-dla-pierwszoklasisty.jpg\" alt=\"Dwie dziewczynki id\u0105 do szko\u0142y z plecakami i tornistrami\" class=\"wp-image-5180\" srcset=\"https:\/\/sportano.pl\/blog\/wp-content\/uploads\/2023\/08\/plecak-czy-tornister-co-dla-pierwszoklasisty.jpg 816w, https:\/\/sportano.pl\/blog\/wp-content\/uploads\/2023\/08\/plecak-czy-tornister-co-dla-pierwszoklasisty-300x157.jpg 300w, https:\/\/sportano.pl\/blog\/wp-content\/uploads\/2023\/08\/plecak-czy-tornister-co-dla-pierwszoklasisty-768x401.jpg 768w, https:\/\/sportano.pl\/blog\/wp-content\/uploads\/2023\/08\/plecak-czy-tornister-co-dla-pierwszoklasisty-100x52.jpg 100w\" sizes=\"auto, (max-width: 816px) 100vw, 816px\" \/><\/figure>\n\n\n\n<h2 class=\"wp-block-heading\">Tornister czy plecak \u2013 co wybra\u0107 do pierwszej klasy?<\/h2>\n\n\n\n<p>Tornistry s\u0105 projektowane z my\u015bl\u0105 o wygodzie noszenia przez ma\u0142e dzieci, dlatego zalecane s\u0105 dla uczni\u00f3w pierwszej klasy szko\u0142y podstawowej. Tornistry maj\u0105 sztywn\u0105 konstrukcj\u0119, kt\u00f3ra pomaga utrzyma\u0107 ksi\u0105\u017cki i zeszyty w pionowej pozycji, co mo\u017ce by\u0107 korzystne dla kr\u0119gos\u0142upa. Ponadto mo\u017ce zapewnia\u0107 lepsz\u0105 ochron\u0119 przed uszkodzeniem zawarto\u015bci, zw\u0142aszcza w trakcie ruchu. Posiadaj\u0105 wiele przegr\u00f3dek i kieszeni, u\u0142atwiaj\u0105c organizacj\u0119 i utrzymanie porz\u0105dku wewn\u0105trz. Wiele tornistr\u00f3w ma wodoodporne pow\u0142oki, co pozwala utrzyma\u0107 zawarto\u015b\u0107 z dala od wilgoci w przypadku deszczowej pogody.<\/p>\n\n\n\n<p>Do zalet plecak\u00f3w nale\u017cy ni\u017csza waga w stosunku do tornistr\u00f3w. To mo\u017ce by\u0107 korzystne dla m\u0142odszych dzieci, kt\u00f3re nie powinny nosi\u0107 nadmiernego ci\u0119\u017caru. Mog\u0105 by\u0107 bardziej elastyczne w zakresie przystosowywania si\u0119 do r\u00f3\u017cnych rozmiar\u00f3w i kszta\u0142t\u00f3w zawarto\u015bci. Ze wzgl\u0119du na brak sztywnej konstrukcji, lepiej dostosowuj\u0105 si\u0119 do ruch\u00f3w dziecka, np. podczas biegania czy wchodzenia po schodach. Plecaki cz\u0119sto oferuj\u0105 wi\u0119ksz\u0105 r\u00f3\u017cnorodno\u015b\u0107 wzor\u00f3w, kolor\u00f3w i styl\u00f3w, przez co zwykle s\u0105 atrakcyjniejsze dla dzieci.<\/p>\n\n\n\n<p>Ostateczny wyb\u00f3r mi\u0119dzy tornistrem a plecakiem zale\u017cy od indywidualnych potrzeb dziecka oraz rodzic\u00f3w.<\/p>\n\n\n\n<h3 class=\"wp-block-heading\">Jakie wymiary powinien mie\u0107 plecak dla pierwszoklasisty?<\/h3>\n\n\n\n<p>Wymiary plecaka dla pierwszoklasisty zale\u017c\u0105 od wielu czynnik\u00f3w, takich jak:<\/p>\n\n\n\n<ul class=\"wp-block-list\">\n<li>wzrost i postura dziecka,<\/li>\n\n\n\n<li>ilo\u015b\u0107 przedmiot\u00f3w, jakie b\u0119dzie nosi\u0142 do szko\u0142y,<\/li>\n\n\n\n<li>preferencji rodzic\u00f3w i samego ucznia. <\/li>\n<\/ul>\n\n\n\n<p>Zwykle wysoko\u015b\u0107 plecaka do pierwszej klasy wynosi 30-40 cm, a szeroko\u015b\u0107 mi\u0119dzy 25 a 30 cm. Wa\u017cne jest, aby wymiary by\u0142y proporcjonalne do d\u0142ugo\u015bci plec\u00f3w i szeroko\u015bci ramion ucznia. G\u0142\u0119boko\u015b\u0107 plecaka zale\u017cy od potrzebnej pojemno\u015bci, jednak unikaj zbyt g\u0142\u0119bokich modeli, kt\u00f3re b\u0119d\u0105 utrudnia\u0107 dost\u0119p do zawarto\u015bci.<\/p>\n\n\n\n\n\n\n\n<h2 class=\"wp-block-heading\">Na co zwr\u00f3ci\u0107 uwag\u0119 przy zakupie plecaka do szko\u0142y?<\/h2>\n\n\n\n<p>Niezale\u017cnie od tego, czy Twoje dziecko idzie do pierwszej klasy, czy te\u017c jest ju\u017c uczniem liceum, odpowiedni plecak szkolny mo\u017ce wp\u0142yn\u0105\u0107 na wygod\u0119 noszenia niezb\u0119dnego ekwipunku, zdrowie kr\u0119gos\u0142upa oraz og\u00f3ln\u0105 satysfakcj\u0119 z u\u017cytkowania. Opr\u00f3cz odpowiedniej pojemno\u015bci, wagi i wymiar\u00f3w, nale\u017cy skupi\u0107 si\u0119 na takich parametrach, jak:<\/p>\n\n\n\n<ul class=\"wp-block-list\">\n<li><strong>regulowane szelki i pasy &#8211; <\/strong>pozwalaj\u0105 dostosowa\u0107 ich d\u0142ugo\u015b\u0107 do parametr\u00f3w dziecka, a przez to pomagaj\u0105 r\u00f3wnomiernie roz\u0142o\u017cy\u0107 wag\u0119 plecaka i chroni\u0105 kr\u0119gos\u0142up. Szelki i pasy biodrowe czy piersiowe powinny by\u0107 odpowiednio wy\u015bcie\u0142ane, aby zapewni\u0107 komfort noszenia. Dodatkowo warto zadba\u0107 o to, aby szelki mia\u0142y co najmniej 4 cm szeroko\u015bci;<\/li>\n\n\n\n<li><strong>ergonomiczny i wy\u015bcie\u0142any panel tylni &#8211; <\/strong>zapobiega naciskowi na plecy dziecka i poprawi wygod\u0119 noszenia. Warto, aby zapewnia\u0142 odpowiedni\u0105 cyrkulacj\u0119 powietrza;<\/li>\n\n\n\n<li><strong>przegr\u00f3dki i kieszenie &#8211; <\/strong>dodatkowe przegr\u00f3dki i kieszenie (np. na laptopa, bidon, buty i mokr\u0105 odzie\u017c itp.) umo\u017cliwiaj\u0105 lepsz\u0105 organizacj\u0119 przestrzeni oraz u\u0142atwiaj\u0105 utrzymanie porz\u0105dku i znajdowanie poszczeg\u00f3lnych rzeczy;<\/li>\n\n\n\n<li><strong>materia\u0142 \u2013 <\/strong>postaw na trwa\u0142e i \u0142atwe do czyszczenia materia\u0142y, kt\u00f3re wytrzymaj\u0105 codzienne u\u017cytkowanie oraz zmienne warunki pogodowe. Dno plecaka powinno by\u0107 odpowiednio wzmocnione i wodoodporne, aby unikn\u0105\u0107 jego odkszta\u0142cenia pod wp\u0142ywem przenoszonego ci\u0119\u017caru czy szybkiego zu\u017cycia przy cz\u0119stym odk\u0142adaniu na twarde powierzchnie;<\/li>\n\n\n\n<li><strong>elementy odblaskowe &#8211; <\/strong>gwarantuj\u0105 lepsz\u0105 widoczno\u015b\u0107 dziecka po zmroku i w warunkach s\u0142abego o\u015bwietlenia, co zwi\u0119ksza jego bezpiecze\u0144stwo;<\/li>\n\n\n\n<li><strong>design odpowiadaj\u0105cy dziecku &#8211;<\/strong> plecak powinien r\u00f3wnie\u017c podoba\u0107 si\u0119 u\u017cytkownikowi, dlatego nale\u017cy uwzgl\u0119dni\u0107 jego upodobania kolorystyczne, w zakresie wzor\u00f3w i zainteresowa\u0144. Warto jednak pami\u0119ta\u0107, \u017ce walory estetyczne i moda nie powinny decydowa\u0107 o wyborze konkretnego modelu.<\/li>\n<\/ul>\n\n\n\n<figure class=\"wp-block-image size-full\"><img loading=\"lazy\" decoding=\"async\" width=\"816\" height=\"426\" src=\"http:\/\/sportano.pl\/blog\/wp-content\/uploads\/2023\/08\/jaki-plecak-mlodziezowy.jpg\" alt=\"\" class=\"wp-image-5181\" srcset=\"https:\/\/sportano.pl\/blog\/wp-content\/uploads\/2023\/08\/jaki-plecak-mlodziezowy.jpg 816w, https:\/\/sportano.pl\/blog\/wp-content\/uploads\/2023\/08\/jaki-plecak-mlodziezowy-300x157.jpg 300w, https:\/\/sportano.pl\/blog\/wp-content\/uploads\/2023\/08\/jaki-plecak-mlodziezowy-768x401.jpg 768w, https:\/\/sportano.pl\/blog\/wp-content\/uploads\/2023\/08\/jaki-plecak-mlodziezowy-100x52.jpg 100w\" sizes=\"auto, (max-width: 816px) 100vw, 816px\" \/><\/figure>\n\n\n\n<h2 class=\"wp-block-heading\">Najlepsze plecaki do szko\u0142y na Sportano.pl. Polecane modele<\/h2>\n\n\n\n<p>Dobry plecak do szko\u0142y to taki, kt\u00f3ry zapewni dziecku wygod\u0119 i bezpiecze\u0144stwo, jednocze\u015bnie spe\u0142niaj\u0105c jego estetyczne preferencje, a tak\u017ce potrzeby rodzica w zakresie trwa\u0142o\u015bci i ergonomii. Przed zakupem warto po\u015bwieci\u0107 czas na przemy\u015blenie wszystkich kwestii wymienionych powy\u017cej, aby dokona\u0107 najlepszego wyboru. W <a href=\"https:\/\/sportano.pl\/\" target=\"_blank\" rel=\"noreferrer noopener\"><strong>Sportano<\/strong><\/a> dost\u0119pne s\u0105 funkcjonalne, wytrzyma\u0142e i spe\u0142niaj\u0105ce normy bezpiecze\u0144stwa plecaki dla dzieci. Doskonale sprawdz\u0105 si\u0119 podczas przenoszenia przybor\u00f3w szkolnych, odzie\u017cy, but\u00f3w i sprz\u0119tu sportowego niezb\u0119dnych w trakcie lekcji czy zaj\u0119\u0107 pozalekcyjnych. Oferujemy dzieci\u0119ce plecaki czo\u0142owych marek takich, jak: <strong>Dakine, deuter, Gregory, American Tourister<\/strong>,<strong> Osprey, Jack Wolfskin, Vans, <strong>Tatonka<\/strong> czy The North Face<\/strong>.<\/p>\n\n\n\n<h3 class=\"wp-block-heading\">Jaki plecak do szko\u0142y dla dziewczynki?<\/h3>\n\n\n\n<p>Najcz\u0119\u015bciej dziewcz\u0119ce modele plecak\u00f3w szkolnych produkowane s\u0105 w kolorach r\u00f3\u017cowym, b\u0142\u0119kitnym, czerwonym, pomara\u0144czowym lub delikatnych pastelach. Je\u015bli chodzi o motywy, przewa\u017caj\u0105 kwiaty, zwierz\u0105tka, wzory tropikalne, serca czy postacie bajkowe. Dziewcz\u0119ce plecaki do szko\u0142y zwykle oferuj\u0105 wiele kieszonek oraz przegr\u00f3dek dla lepszej organizacji przestrzeni i utrzymania porz\u0105dku. Polecamy np.:<\/p>\n\n\n\n<ul class=\"wp-block-list\">\n<li><a href=\"https:\/\/sportano.pl\/p\/392887\/plecak-miejski-vans-old-skool-classic-22-l-black\" target=\"_blank\" rel=\"noreferrer noopener\">plecak dla dzieci Vans Skool Backpack 18 l<\/a><\/li>\n\n\n\n<li><a href=\"https:\/\/sportano.pl\/p\/551728\/plecak-adidas-classic-badge-of-sport-27-5-l-shadow-navy-white\" target=\"_blank\" rel=\"noreferrer noopener\">plecak adidas Classic Badge Of Sport 27,5 l<\/a><\/li>\n\n\n\n<li><a href=\"https:\/\/sportano.pl\/p\/662516\/plecak-miejski-american-tourister-urban-groove-mini-7-l-pastel-blue\" target=\"_blank\" rel=\"noreferrer noopener\">plecak miejski American Tourister Urban Groove Mini 7 l<\/a><\/li>\n\n\n\n<li><a href=\"https:\/\/sportano.pl\/p\/344222\/plecak-miejski-dzieciecy-tatonka-rolltop-jr-14-l-apricot\" target=\"_blank\" rel=\"noreferrer noopener\">plecak miejski dzieci\u0119cy Tatonka Rolltop JR 14 l<\/a><\/li>\n\n\n\n<li><a href=\"https:\/\/sportano.pl\/p\/750624\/plecak-miejski-dzieciecy-jack-wolfskin-rebel-25-l-amaranth\" target=\"_blank\" rel=\"noreferrer noopener\">dzieci\u0119cy plecak miejski Jack Wolfskin Rebel 25 l<\/a><\/li>\n\n\n\n<li><a href=\"https:\/\/sportano.pl\/p\/722545\/plecak-miejski-vans-old-skool-classic-22-l-sepia-rose\" target=\"_blank\" rel=\"noreferrer noopener\">plecak miejski Vans Old Skool Classic 22 l<\/a><\/li>\n<\/ul>\n\n\n\n<h3 class=\"wp-block-heading\">Jaki plecak do szko\u0142y dla ch\u0142opca?<\/h3>\n\n\n\n<p>Plecak szkolny dla ch\u0142opca zwykle wyst\u0119puje w kolorze niebieskim, zielonym, br\u0105zowym, granatowym czy szarym. Dominuj\u0105 na nim motywy z zakresu sportu, technologii, elektroniki, pojazd\u00f3w czy bohater\u00f3w z komiks\u00f3w lub gier. Najcz\u0119\u015bciej posiada 2-3 praktyczne przegrody, kiesze\u0144 boczn\u0105 (np. na bidon) i dodatkowy uchwyt do zawieszenia. Proponujemy np.:<\/p>\n\n\n\n<ul class=\"wp-block-list\">\n<li><a href=\"https:\/\/sportano.pl\/p\/554044\/plecak-dzieciecy-nike-elemental-20-l-game-royal-game-royal-white\" target=\"_blank\" rel=\"noreferrer noopener\">plecak dzieci\u0119cy Nike Elemental 20 l<\/a><\/li>\n\n\n\n<li><a href=\"https:\/\/sportano.pl\/p\/373078\/plecak-miejski-vans-old-skool-check-22-l-black-white\" target=\"_blank\" rel=\"noreferrer noopener\">plecak miejski Vans Old Skool Check 22 l<\/a><\/li>\n\n\n\n<li><a href=\"https:\/\/sportano.pl\/p\/447197\/plecak-miejski-dzieciecy-the-north-face-court-jester-24-5-l-black\" target=\"_blank\" rel=\"noreferrer noopener\">dzieci\u0119cy plecak miejski The North Face Court Jester 24,5 l<\/a><\/li>\n\n\n\n<li><a href=\"https:\/\/sportano.pl\/p\/648021\/plecak-miejski-dzieciecy-osprey-daylite-jr-pack-10-l-euphoria-rainbow-print-tungsten\" target=\"_blank\" rel=\"noreferrer noopener\">plecak miejski dla dzieci Osprey Daylite Jr Pack 10 l<\/a><\/li>\n\n\n\n<li><a href=\"https:\/\/sportano.pl\/p\/391666\/plecak-vans-old-skool-print-backpack-22-l-dress-blues\" target=\"_blank\" rel=\"noreferrer noopener\">plecak Vans Old Skool Print Backpack 22 l<\/a><\/li>\n\n\n\n<li><a href=\"https:\/\/sportano.pl\/p\/382412\/plecak-skechers-downtown-20-l-black\" target=\"_blank\" rel=\"noreferrer noopener\">plecak SKECHERS Downtown 20 l<\/a><\/li>\n<\/ul>\n\n\n\n<h3 class=\"wp-block-heading\">Jaki plecak szkolny dla m\u0142odzie\u017cy?<\/h3>\n\n\n\n<p>M\u0142odzie\u017cowe plecaki do szko\u0142y to zwykle modele w modnym stylu z ciekawym wzornictwem, kolorami lub wyko\u0144czeniem. Dla tych, kt\u00f3rzy preferuj\u0105 prosty design, odpowiedni b\u0119dzie plecak o minimalistycznym wygl\u0105dzie i niewielkiej liczbie kieszeni. Cz\u0119sto uczniowie z szk\u00f3\u0142 licealnych, technicznych czy zawodowych mog\u0105 potrzebowa\u0107 nosi\u0107 ze sob\u0105 laptopa, tablet czy inne urz\u0105dzenia elektroniczne do szko\u0142y. Z tego powodu przydatny oka\u017ce si\u0119 plecak z dedykowanymi przegrodami wykonany z wodoodpornych materia\u0142\u00f3w. Doskona\u0142ym wyborem dla aktywnej m\u0142odzie\u017cy b\u0119dzie sportowy plecak do szko\u0142y z oddzielnymi przegr\u00f3dkami na str\u00f3j sportowy, buty i akcesoria. Praktyczny rozwi\u0105zaniem b\u0119dzie r\u00f3wnie\u017c wielozadaniowy plecak o odpowiedniej pojemno\u015bci, kt\u00f3ry nadaje si\u0119 zar\u00f3wno na zaj\u0119cia szkolne, jak i spotkania z przyjaci\u00f3\u0142mi czy wyj\u015bcia na miasto. Jakie modele polecamy?<\/p>\n\n\n\n<ul class=\"wp-block-list\">\n<li><a href=\"https:\/\/sportano.pl\/p\/373072\/plecak-miejski-vans-old-skool-drop-v-22-l-black\" target=\"_blank\" rel=\"noreferrer noopener\">plecak miejski Vans Old Skool Drop V 22 l<\/a><\/li>\n\n\n\n<li><a href=\"https:\/\/sportano.pl\/p\/432197\/plecak-nike-heritage-25-l-black-white\" target=\"_blank\" rel=\"noreferrer noopener\">plecak Nike Heritage 25 l<\/a><\/li>\n\n\n\n<li><a href=\"https:\/\/sportano.pl\/p\/207120\/plecak-miejski-fjallraven-kanken-laptop-15-18-l-ox-red\" target=\"_blank\" rel=\"noreferrer noopener\">miejski plecak Fj\u00e4llr\u00e4ven Kanken Laptop 15&#8243; 18 l<\/a><\/li>\n\n\n\n<li><a href=\"https:\/\/sportano.pl\/p\/550839\/plecak-adidas-classic-badge-of-sport-27-5-l-black-gold-met\" target=\"_blank\" rel=\"noreferrer noopener\">plecak adidas Classic Badge Of Sport 27,5 l<\/a><\/li>\n\n\n\n<li><a href=\"https:\/\/sportano.pl\/p\/664300\/plecak-miejski-puma-phase-backpack-set-22-l-puma-black\" target=\"_blank\" rel=\"noreferrer noopener\">plecak miejski PUMA Phase Backpack Set 22 l<\/a><\/li>\n\n\n\n<li><a href=\"https:\/\/sportano.pl\/p\/466791\/plecak-miejski-doughnut-macaroon-sky-series-16-l-sunrise\" target=\"_blank\" rel=\"noreferrer noopener\">plecak miejski Doughnut Macaroon Sky Series 16 l<\/a><\/li>\n<\/ul>\n\n\n\n<p>Pami\u0119taj, \u017ce wyb\u00f3r plecaka szkolnego to inwestycja w komfort i zdrowie dziecka. Dlatego warto po\u015bwieci\u0107 troch\u0119 czasu na zapoznanie si\u0119 z dost\u0119pnymi opcjami i dok\u0142adne zrozumienie, co jest dla Ciebie i Twojego dziecka najlepsze. Podczas przymiarki, dziecko powinno czu\u0107 si\u0119 swobodnie i komfortowo, a plecak nie powinien wp\u0142ywa\u0107 negatywnie na jego postaw\u0119 i nie powodowa\u0107 dyskomfortu podczas noszenia.<\/p>\n<div id=\"synerise-rekomendacje\" class=\"synerise\"><\/div>","protected":false},"excerpt":{"rendered":"<p>Dobry plecak szkolny powinien by\u0107 lekki, ergonomiczny, dopasowany do wzrostu ucznia i pojemny na tyle, by pomie\u015bci\u0107 wszystkie podr\u0119czniki, zeszyty, str\u00f3j na WF i niezb\u0119dne akcesoria. Sprawd\u017a, jak dobra\u0107 plecak do wzrostu dziecka oraz jak\u0105 powinien mie\u0107 pojemno\u015b\u0107 plecak szkolny dla pierwszoklasisty, starszego dziecka i nastolatka. Dowiedz si\u0119, kiedy lepiej sprawdzi si\u0119 tornister, a kiedy [&hellip;]<\/p>\n","protected":false},"author":7,"featured_media":5179,"comment_status":"closed","ping_status":"closed","sticky":false,"template":"","format":"standard","meta":{"_acf_changed":false,"footnotes":""},"categories":[37],"tags":[],"class_list":["post-5169","post","type-post","status-publish","format-standard","has-post-thumbnail","hentry","category-sportystyle-odziez-obuwie-i-akcesoria"],"acf":[],"yoast_head":"<!-- This site is optimized with the Yoast SEO plugin v27.1.1 - https:\/\/yoast.com\/product\/yoast-seo-wordpress\/ -->\n<title>Jaki plecak do szko\u0142y wybra\u0107? Najlepsze plecaki szkolne dla dziewczynki, ch\u0142opca oraz m\u0142odzie\u017cowe - Blog Sportano.pl<\/title>\n<meta name=\"description\" content=\"Plecak do szko\u0142y dla pierwszoklasisty nale\u017cy dopasowa\u0107 do wzrostu i postury dziecka. Zwykle wysoko\u015b\u0107 wynosi 30-40 cm, a szeroko\u015b\u0107 25-30 cm.\" \/>\n<meta name=\"robots\" content=\"index, follow, max-snippet:-1, max-image-preview:large, max-video-preview:-1\" \/>\n<link rel=\"canonical\" href=\"https:\/\/sportano.pl\/blog\/jaki-plecak-do-szkoly-wybrac-najlepsze-plecaki-szkolne-dla-dziewczynki-chlopca-oraz-mlodziezowe\/\" \/>\n<meta property=\"og:locale\" content=\"pl_PL\" \/>\n<meta property=\"og:type\" content=\"article\" \/>\n<meta property=\"og:title\" content=\"Jaki plecak do szko\u0142y wybra\u0107? Najlepsze plecaki szkolne dla dziewczynki, ch\u0142opca oraz m\u0142odzie\u017cowe - Blog Sportano.pl\" \/>\n<meta property=\"og:description\" content=\"Plecak do szko\u0142y dla pierwszoklasisty nale\u017cy dopasowa\u0107 do wzrostu i postury dziecka. Zwykle wysoko\u015b\u0107 wynosi 30-40 cm, a szeroko\u015b\u0107 25-30 cm.\" \/>\n<meta property=\"og:url\" content=\"https:\/\/sportano.pl\/blog\/jaki-plecak-do-szkoly-wybrac-najlepsze-plecaki-szkolne-dla-dziewczynki-chlopca-oraz-mlodziezowe\/\" \/>\n<meta property=\"article:published_time\" content=\"2025-08-12T08:05:05+00:00\" \/>\n<meta property=\"article:modified_time\" content=\"2025-08-22T12:02:47+00:00\" \/>\n<meta property=\"og:image\" content=\"http:\/\/sportano.pl\/blog\/wp-content\/uploads\/2023\/08\/jaki-plecak-do-szkoly-wybrac.jpg\" \/>\n\t<meta property=\"og:image:width\" content=\"816\" \/>\n\t<meta property=\"og:image:height\" content=\"426\" \/>\n\t<meta property=\"og:image:type\" content=\"image\/jpeg\" \/>\n<meta name=\"author\" content=\"Sylwia Stwora-Petela\" \/>\n<meta name=\"twitter:card\" content=\"summary_large_image\" \/>\n<meta name=\"twitter:label1\" content=\"Napisane przez\" \/>\n\t<meta name=\"twitter:data1\" content=\"Sylwia Stwora-Petela\" \/>\n\t<meta name=\"twitter:label2\" content=\"Szacowany czas czytania\" \/>\n\t<meta name=\"twitter:data2\" content=\"11 minut\" \/>\n<!-- \/ Yoast SEO plugin. -->","yoast_head_json":{"title":"Jaki plecak do szko\u0142y wybra\u0107? Najlepsze plecaki szkolne dla dziewczynki, ch\u0142opca oraz m\u0142odzie\u017cowe - Blog Sportano.pl","description":"Plecak do szko\u0142y dla pierwszoklasisty nale\u017cy dopasowa\u0107 do wzrostu i postury dziecka. Zwykle wysoko\u015b\u0107 wynosi 30-40 cm, a szeroko\u015b\u0107 25-30 cm.","robots":{"index":"index","follow":"follow","max-snippet":"max-snippet:-1","max-image-preview":"max-image-preview:large","max-video-preview":"max-video-preview:-1"},"canonical":"https:\/\/sportano.pl\/blog\/jaki-plecak-do-szkoly-wybrac-najlepsze-plecaki-szkolne-dla-dziewczynki-chlopca-oraz-mlodziezowe\/","og_locale":"pl_PL","og_type":"article","og_title":"Jaki plecak do szko\u0142y wybra\u0107? Najlepsze plecaki szkolne dla dziewczynki, ch\u0142opca oraz m\u0142odzie\u017cowe - Blog Sportano.pl","og_description":"Plecak do szko\u0142y dla pierwszoklasisty nale\u017cy dopasowa\u0107 do wzrostu i postury dziecka. Zwykle wysoko\u015b\u0107 wynosi 30-40 cm, a szeroko\u015b\u0107 25-30 cm.","og_url":"https:\/\/sportano.pl\/blog\/jaki-plecak-do-szkoly-wybrac-najlepsze-plecaki-szkolne-dla-dziewczynki-chlopca-oraz-mlodziezowe\/","article_published_time":"2025-08-12T08:05:05+00:00","article_modified_time":"2025-08-22T12:02:47+00:00","og_image":[{"width":816,"height":426,"url":"http:\/\/sportano.pl\/blog\/wp-content\/uploads\/2023\/08\/jaki-plecak-do-szkoly-wybrac.jpg","type":"image\/jpeg"}],"author":"Sylwia Stwora-Petela","twitter_card":"summary_large_image","twitter_misc":{"Napisane przez":"Sylwia Stwora-Petela","Szacowany czas czytania":"11 minut"},"schema":{"@context":"https:\/\/schema.org","@graph":[{"@type":"Article","@id":"https:\/\/sportano.pl\/blog\/jaki-plecak-do-szkoly-wybrac-najlepsze-plecaki-szkolne-dla-dziewczynki-chlopca-oraz-mlodziezowe\/#article","isPartOf":{"@id":"https:\/\/sportano.pl\/blog\/jaki-plecak-do-szkoly-wybrac-najlepsze-plecaki-szkolne-dla-dziewczynki-chlopca-oraz-mlodziezowe\/"},"author":{"name":"Sylwia Stwora-Petela","@id":"https:\/\/sportano.pl\/blog\/#\/schema\/person\/447e02983a6f3d3d9065df3578f7db52"},"headline":"Jaki plecak do szko\u0142y wybra\u0107? Najlepsze plecaki szkolne dla dziewczynki, ch\u0142opca oraz m\u0142odzie\u017cowe","datePublished":"2025-08-12T08:05:05+00:00","dateModified":"2025-08-22T12:02:47+00:00","mainEntityOfPage":{"@id":"https:\/\/sportano.pl\/blog\/jaki-plecak-do-szkoly-wybrac-najlepsze-plecaki-szkolne-dla-dziewczynki-chlopca-oraz-mlodziezowe\/"},"wordCount":1912,"publisher":{"@id":"https:\/\/sportano.pl\/blog\/#organization"},"image":{"@id":"https:\/\/sportano.pl\/blog\/jaki-plecak-do-szkoly-wybrac-najlepsze-plecaki-szkolne-dla-dziewczynki-chlopca-oraz-mlodziezowe\/#primaryimage"},"thumbnailUrl":"https:\/\/sportano.pl\/blog\/wp-content\/uploads\/2023\/08\/jaki-plecak-do-szkoly-wybrac.jpg","articleSection":["Sportystyle: odzie\u017c, obuwie i akcesoria"],"inLanguage":"pl-PL"},{"@type":"WebPage","@id":"https:\/\/sportano.pl\/blog\/jaki-plecak-do-szkoly-wybrac-najlepsze-plecaki-szkolne-dla-dziewczynki-chlopca-oraz-mlodziezowe\/","url":"https:\/\/sportano.pl\/blog\/jaki-plecak-do-szkoly-wybrac-najlepsze-plecaki-szkolne-dla-dziewczynki-chlopca-oraz-mlodziezowe\/","name":"Jaki plecak do szko\u0142y wybra\u0107? Najlepsze plecaki szkolne dla dziewczynki, ch\u0142opca oraz m\u0142odzie\u017cowe - Blog Sportano.pl","isPartOf":{"@id":"https:\/\/sportano.pl\/blog\/#website"},"primaryImageOfPage":{"@id":"https:\/\/sportano.pl\/blog\/jaki-plecak-do-szkoly-wybrac-najlepsze-plecaki-szkolne-dla-dziewczynki-chlopca-oraz-mlodziezowe\/#primaryimage"},"image":{"@id":"https:\/\/sportano.pl\/blog\/jaki-plecak-do-szkoly-wybrac-najlepsze-plecaki-szkolne-dla-dziewczynki-chlopca-oraz-mlodziezowe\/#primaryimage"},"thumbnailUrl":"https:\/\/sportano.pl\/blog\/wp-content\/uploads\/2023\/08\/jaki-plecak-do-szkoly-wybrac.jpg","datePublished":"2025-08-12T08:05:05+00:00","dateModified":"2025-08-22T12:02:47+00:00","description":"Plecak do szko\u0142y dla pierwszoklasisty nale\u017cy dopasowa\u0107 do wzrostu i postury dziecka. Zwykle wysoko\u015b\u0107 wynosi 30-40 cm, a szeroko\u015b\u0107 25-30 cm.","breadcrumb":{"@id":"https:\/\/sportano.pl\/blog\/jaki-plecak-do-szkoly-wybrac-najlepsze-plecaki-szkolne-dla-dziewczynki-chlopca-oraz-mlodziezowe\/#breadcrumb"},"inLanguage":"pl-PL","potentialAction":[{"@type":"ReadAction","target":["https:\/\/sportano.pl\/blog\/jaki-plecak-do-szkoly-wybrac-najlepsze-plecaki-szkolne-dla-dziewczynki-chlopca-oraz-mlodziezowe\/"]}]},{"@type":"ImageObject","inLanguage":"pl-PL","@id":"https:\/\/sportano.pl\/blog\/jaki-plecak-do-szkoly-wybrac-najlepsze-plecaki-szkolne-dla-dziewczynki-chlopca-oraz-mlodziezowe\/#primaryimage","url":"https:\/\/sportano.pl\/blog\/wp-content\/uploads\/2023\/08\/jaki-plecak-do-szkoly-wybrac.jpg","contentUrl":"https:\/\/sportano.pl\/blog\/wp-content\/uploads\/2023\/08\/jaki-plecak-do-szkoly-wybrac.jpg","width":816,"height":426,"caption":"Grupa uczni\u00f3w z plecakami biegn\u0105ca szkolnym korytarzem"},{"@type":"BreadcrumbList","@id":"https:\/\/sportano.pl\/blog\/jaki-plecak-do-szkoly-wybrac-najlepsze-plecaki-szkolne-dla-dziewczynki-chlopca-oraz-mlodziezowe\/#breadcrumb","itemListElement":[{"@type":"ListItem","position":1,"name":"Strona g\u0142\u00f3wna","item":"https:\/\/sportano.pl\/blog\/"},{"@type":"ListItem","position":2,"name":"Jaki plecak do szko\u0142y wybra\u0107? Najlepsze plecaki szkolne dla dziewczynki, ch\u0142opca oraz m\u0142odzie\u017cowe"}]},{"@type":"WebSite","@id":"https:\/\/sportano.pl\/blog\/#website","url":"https:\/\/sportano.pl\/blog\/","name":"","description":"","publisher":{"@id":"https:\/\/sportano.pl\/blog\/#organization"},"potentialAction":[{"@type":"SearchAction","target":{"@type":"EntryPoint","urlTemplate":"https:\/\/sportano.pl\/blog\/?s={search_term_string}"},"query-input":{"@type":"PropertyValueSpecification","valueRequired":true,"valueName":"search_term_string"}}],"inLanguage":"pl-PL"},{"@type":"Organization","@id":"https:\/\/sportano.pl\/blog\/#organization","name":"Sportano.pl","url":"https:\/\/sportano.pl\/blog\/","logo":{"@type":"ImageObject","inLanguage":"pl-PL","@id":"https:\/\/sportano.pl\/blog\/#\/schema\/logo\/image\/","url":"http:\/\/sportano.pl\/blog\/wp-content\/uploads\/2022\/04\/sportano-blog-logo.png","contentUrl":"http:\/\/sportano.pl\/blog\/wp-content\/uploads\/2022\/04\/sportano-blog-logo.png","width":1200,"height":200,"caption":"Sportano.pl"},"image":{"@id":"https:\/\/sportano.pl\/blog\/#\/schema\/logo\/image\/"}},{"@type":"Person","@id":"https:\/\/sportano.pl\/blog\/#\/schema\/person\/447e02983a6f3d3d9065df3578f7db52","name":"Sylwia Stwora-Petela","image":{"@type":"ImageObject","inLanguage":"pl-PL","@id":"https:\/\/sportano.pl\/blog\/#\/schema\/person\/image\/","url":"https:\/\/sportano.pl\/blog\/wp-content\/uploads\/nsl_avatars\/52d3b69495b3bb32dafd1c9e4d45ef6f.png","contentUrl":"https:\/\/sportano.pl\/blog\/wp-content\/uploads\/nsl_avatars\/52d3b69495b3bb32dafd1c9e4d45ef6f.png","caption":"Sylwia Stwora-Petela"}}]}},"_links":{"self":[{"href":"https:\/\/sportano.pl\/blog\/wp-json\/wp\/v2\/posts\/5169","targetHints":{"allow":["GET"]}}],"collection":[{"href":"https:\/\/sportano.pl\/blog\/wp-json\/wp\/v2\/posts"}],"about":[{"href":"https:\/\/sportano.pl\/blog\/wp-json\/wp\/v2\/types\/post"}],"author":[{"embeddable":true,"href":"https:\/\/sportano.pl\/blog\/wp-json\/wp\/v2\/users\/7"}],"replies":[{"embeddable":true,"href":"https:\/\/sportano.pl\/blog\/wp-json\/wp\/v2\/comments?post=5169"}],"version-history":[{"count":36,"href":"https:\/\/sportano.pl\/blog\/wp-json\/wp\/v2\/posts\/5169\/revisions"}],"predecessor-version":[{"id":23991,"href":"https:\/\/sportano.pl\/blog\/wp-json\/wp\/v2\/posts\/5169\/revisions\/23991"}],"wp:featuredmedia":[{"embeddable":true,"href":"https:\/\/sportano.pl\/blog\/wp-json\/wp\/v2\/media\/5179"}],"wp:attachment":[{"href":"https:\/\/sportano.pl\/blog\/wp-json\/wp\/v2\/media?parent=5169"}],"wp:term":[{"taxonomy":"category","embeddable":true,"href":"https:\/\/sportano.pl\/blog\/wp-json\/wp\/v2\/categories?post=5169"},{"taxonomy":"post_tag","embeddable":true,"href":"https:\/\/sportano.pl\/blog\/wp-json\/wp\/v2\/tags?post=5169"}],"curies":[{"name":"wp","href":"https:\/\/api.w.org\/{rel}","templated":true}]}}